{"id":105324,"date":"2023-07-25T12:26:48","date_gmt":"2023-07-25T15:26:48","guid":{"rendered":"https:\/\/www.actualidadadiario.com\/?p=105324"},"modified":"2023-07-25T12:26:48","modified_gmt":"2023-07-25T15:26:48","slug":"reglamentan-la-ley-que-obliga-a-vender-antibioticos-con-receta-archivada","status":"publish","type":"post","link":"https:\/\/www.actualidadadiario.com\/index.php\/2023\/07\/25\/reglamentan-la-ley-que-obliga-a-vender-antibioticos-con-receta-archivada\/","title":{"rendered":"Reglamentan la ley que obliga a vender antibi\u00f3ticos con receta archivada"},"content":{"rendered":"<p style=\"text-align: center;\"><em><strong>Aprobada por unanimidad por el Congreso en agosto de 2022, la Ley 27.680 de Prevenci\u00f3n y Control de la Resistencia a los Antimicrobianos, busca prevenir y controlar la resistencia a los tratamientos debido al uso indiscriminado de estos medicamentos<\/strong><\/em><\/p>\n<p>&nbsp;<\/p>\n<p>&nbsp;<\/p>\n<p>Con el objetivo de fomentar el uso responsable de los antibi\u00f3ticos y regular cuestiones referidas al expendio y consumo de estos medicamentos, el presidente Alberto Fern\u00e1ndez firm\u00f3 este lunes el decreto reglamentario de la ley 27.680 de Prevenci\u00f3n y Control de la Resistencia a los Antimicrobianos, una de las principales amenazas de la salud p\u00fablica a nivel global,<\/p>\n<p>El acto de firma se realiz\u00f3 por la tarde en Casa Rosada y Fern\u00e1ndez estuvo acompa\u00f1ado por la ministra de Salud, Carla Vizzotti, informaron fuentes oficiales.<\/p>\n<p>La norma apunta a restringir el uso de antimicrobianos a las situaciones en las que sean imprescindibles o insustituibles. Fue aprobada por unanimidad por el Congreso de la Naci\u00f3n en agosto de 2022.<\/p>\n<p>&nbsp;<\/p>\n<p><strong>Qu\u00e9 establece la ley<\/strong><\/p>\n<p>La reciente reglamentaci\u00f3n determina que la condici\u00f3n de expendio de todas las especialidades medicinales cuyo ingrediente farmac\u00e9utico activo (IFA) tenga actividad antimicrobiana sist\u00e9mica deber ser la de venta bajo receta archivada (lo cual no implica la presentaci\u00f3n de receta duplicada), inform\u00f3 un comunicado del Ministerio de Salud.<\/p>\n<p>Adem\u00e1s, las presentaciones destinadas a la promoci\u00f3n sin valor comercial -muestras gratis, muestras para profesionales o cualquier otra denominaci\u00f3n abarcativa- de estos medicamentos deber\u00e1n ser entregadas a las farmacias de establecimientos sanitarios y estas las dispensar\u00e1n a los y las pacientes solo bajo receta del profesional m\u00e9dico que autoriza su entrega, en cantidad suficiente para tratamiento completo y en un solo envase.<\/p>\n<p>Asimismo, se establece que en los casos en los cuales se hubiera iniciado el tratamiento antimicrobiano por v\u00eda parenteral (distinta a la digestiva) y debiera completarse en forma ambulatoria, la farmacia de la instituci\u00f3n responsable de la atenci\u00f3n del o la paciente deber\u00e1 dispensar la dosis suficiente para completarlo.<\/p>\n<p>Vizzotti expres\u00f3 que la aplicaci\u00f3n de la ley implica el trabajo conjunto \u201ccon la industria farmac\u00e9utica para poder reformular la cantidad de comprimidos en los paquetes, con los medios de comunicaci\u00f3n para poder informar a la poblaci\u00f3n, con las y los profesionales de la salud que prescriben antibi\u00f3ticos y con las jurisdicciones para que no se puedan vender o dispensar antibi\u00f3ticos sin receta\u201d.<\/p>\n<p>&nbsp;<\/p>\n<p><strong>\u201cUna salud\u201d<\/strong><\/p>\n<p>Con un enfoque de \u201cUna Salud\u201d, la Ley de Prevenci\u00f3n y Control de la Resistencia Antimicrobiana aborda este tema de salud p\u00fablica desde diferentes disciplinas (medicina, veterinaria y medioambiente) con la participaci\u00f3n de todos los sectores y actores involucrados.<\/p>\n<p>Tras el encuentro, Vizzotti remarc\u00f3 que \u201cesta es una ley pionera en Argentina, a nivel regional e incluso a nivel mundial, que tiene un abordaje en salud humana, animal, ambiental, que involucra a todas las \u00e1reas del Estado que trabajan en ese sentido\u201d.<\/p>\n<p>Y refiri\u00f3 que adem\u00e1s \u201cgenera acciones muy concretas\u201d, ya que \u201cm\u00e1s all\u00e1 de declarar de inter\u00e9s y de favorecer la investigaci\u00f3n para el desarrollo de nuevas mol\u00e9culas, declara la relevancia para la salud que tiene la resistencia antimicrobiana\u201d.<\/p>\n<p>La ministra explic\u00f3 que \u201ccuando uno usa mal los antimicrobianos, lo que generan estos microorganismos son mecanismos de resistencia, lo cual significa que tomamos un antibi\u00f3tico y no nos hace efecto\u201d.<\/p>\n<p>Por lo tanto \u201cya hay organismos multiresistentes y hasta panresistentes, que quiere decir que no hay ning\u00fan antibi\u00f3tico que pueda tratarlos y curarlos, as\u00ed que hay gente que directamente no tiene ninguna opci\u00f3n terap\u00e9utica y fallece\u201d, se\u00f1al\u00f3 Vizzotti.<\/p>\n<p>En ese sentido agreg\u00f3 que \u201cseg\u00fan la ONU (Organizaci\u00f3n de las Naciones Unidas) va a ser una de las principales causas de muerte en los pr\u00f3ximos a\u00f1os\u201d.<\/p>\n<p>&nbsp;<\/p>\n<p><strong>La restricci\u00f3n del uso como principal estrategia <\/strong><\/p>\n<p>La resistencia antimicrobiana (RAM) es una problem\u00e1tica global que se produce cuando los microrganismos pat\u00f3genos &#8211; hongos, par\u00e1sitos, pero principalmente bacterias &#8211; que causan enfermedades se vuelven resistentes a los medicamentos que se utilizan para combatirlos.<\/p>\n<p>Se estima que para el a\u00f1o 2050, la RAM puede constituirse en la primera causa de muerte a nivel mundial si no se genera una respuesta global conjunta y sistematizada.<\/p>\n<p>El impacto de la resistencia se ha visto acelerado en las infecciones bacterianas asociadas al cuidado de la salud en pacientes hospitalizados, siendo cada vez m\u00e1s resistentes a los antibi\u00f3ticos y limitando las herramientas terap\u00e9uticas.<\/p>\n<p>Dado que la utilizaci\u00f3n de antibi\u00f3ticos en cualquier circunstancia puede promover el desarrollo de resistencia, la restricci\u00f3n del uso a las situaciones en las que sean imprescindibles o insustituibles es una de las principales estrategias para limitarla y contenerla, agreg\u00f3 la cartera sanitaria.<\/p>\n<p>As\u00ed, un uso responsable de los antibi\u00f3ticos implica no interrumpir los tratamientos con antibi\u00f3ticos, tomarlos en los momentos indicados por el profesional de la salud, no tomar antibi\u00f3ticos en el caso de infecciones virales, y no comprar antibi\u00f3ticos sin receta.<\/p>\n","protected":false},"excerpt":{"rendered":"<p>Aprobada por unanimidad por el Congreso en agosto de 2022, la Ley 27.680 de Prevenci\u00f3n y Control de la Resistencia a los Antimicrobianos, busca prevenir y controlar la resistencia a los tratamientos debido al uso indiscriminado de estos medicamentos &nbsp; &nbsp; Con el objetivo de fomentar el uso responsable de los antibi\u00f3ticos y regular cuestiones referidas al expendio y consumo de estos medicamentos, el presidente Alberto Fern\u00e1ndez firm\u00f3 este lunes el decreto reglamentario de la ley 27.680 de Prevenci\u00f3n y Control de la Resistencia a los Antimicrobianos, una de las&#8230;<\/p>\n","protected":false},"author":3,"featured_media":105325,"comment_status":"closed","ping_status":"closed","sticky":false,"template":"","format":"standard","meta":[],"categories":[2],"tags":[],"_links":{"self":[{"href":"https:\/\/www.actualidadadiario.com\/index.php\/wp-json\/wp\/v2\/posts\/105324"}],"collection":[{"href":"https:\/\/www.actualidadadiario.com\/index.php\/wp-json\/wp\/v2\/posts"}],"about":[{"href":"https:\/\/www.actualidadadiario.com\/index.php\/wp-json\/wp\/v2\/types\/post"}],"author":[{"embeddable":true,"href":"https:\/\/www.actualidadadiario.com\/index.php\/wp-json\/wp\/v2\/users\/3"}],"replies":[{"embeddable":true,"href":"https:\/\/www.actualidadadiario.com\/index.php\/wp-json\/wp\/v2\/comments?post=105324"}],"version-history":[{"count":1,"href":"https:\/\/www.actualidadadiario.com\/index.php\/wp-json\/wp\/v2\/posts\/105324\/revisions"}],"predecessor-version":[{"id":105326,"href":"https:\/\/www.actualidadadiario.com\/index.php\/wp-json\/wp\/v2\/posts\/105324\/revisions\/105326"}],"wp:featuredmedia":[{"embeddable":true,"href":"https:\/\/www.actualidadadiario.com\/index.php\/wp-json\/wp\/v2\/media\/105325"}],"wp:attachment":[{"href":"https:\/\/www.actualidadadiario.com\/index.php\/wp-json\/wp\/v2\/media?parent=105324"}],"wp:term":[{"taxonomy":"category","embeddable":true,"href":"https:\/\/www.actualidadadiario.com\/index.php\/wp-json\/wp\/v2\/categories?post=105324"},{"taxonomy":"post_tag","embeddable":true,"href":"https:\/\/www.actualidadadiario.com\/index.php\/wp-json\/wp\/v2\/tags?post=105324"}],"curies":[{"name":"wp","href":"https:\/\/api.w.org\/{rel}","templated":true}]}}