{"id":105317,"date":"2023-07-25T12:23:56","date_gmt":"2023-07-25T15:23:56","guid":{"rendered":"https:\/\/www.actualidadadiario.com\/?p=105317"},"modified":"2023-07-25T12:23:56","modified_gmt":"2023-07-25T15:23:56","slug":"continua-el-combate-del-incendio-forestal-en-la-zona-del-cerro-uritorco","status":"publish","type":"post","link":"https:\/\/www.actualidadadiario.com\/index.php\/2023\/07\/25\/continua-el-combate-del-incendio-forestal-en-la-zona-del-cerro-uritorco\/","title":{"rendered":"Contin\u00faa el combate del incendio forestal en la zona del Cerro Uritorco"},"content":{"rendered":"<p style=\"text-align: center;\"><em><strong>El incendio se desat\u00f3 en la tarde del s\u00e1bado pasado en esa regi\u00f3n del Valle de Punilla, en la zona que rodea al Cerro Uritorco. Aseguran que se ha logrado \u201ccontrolar el 80 por ciento del incendio\u201d, y que el restante qued\u00f3 activo debido a las dificultades que presentan el terreno para el acceso de los brigadistas<\/strong><\/em><\/p>\n<p>&nbsp;<\/p>\n<p>&nbsp;<\/p>\n<p>Brigadistas retomaron la ma\u00f1ana de este martes las tareas para extinguir el 20 por ciento del incendio forestal que se mantiene activo en la zona que rodea al Cerro Uritorco, ubicado en la localidad cordobesa del Valle de Punilla, inform\u00f3 el secretario de Gesti\u00f3n de Riesgo Clim\u00e1tico, Cat\u00e1strofes y Protecci\u00f3n Civil provincial, Claudio Vignetta.<\/p>\n<p>El funcionario, en declaraciones formuladas a los medios locales, destac\u00f3 que este martes \u201cno hay evacuados ni personas heridas\u201d como consecuencia del incendio que se desat\u00f3 en la tarde del s\u00e1bado pasado en esa regi\u00f3n del Valle de Punilla.<\/p>\n<p>Vignetta sostuvo que el trabajo de este lunes fue \u201carduo y con resultado positivo\u201d, ya que se ha logrado \u201ccontrolar el 80 por ciento del incendio\u201d, y dijo que el restante qued\u00f3 activo debido a las dificultades que presentan el terreno para el acceso de los brigadistas.<\/p>\n<p>El funcionario provincial a\u00f1adi\u00f3 que este martes por la ma\u00f1ana se continuar\u00e1 trabajando en el combate a\u00e9reo con operativos a cargo de cuatro aviones, tres helic\u00f3pteros y un avi\u00f3n, dos de esas naves aportadas por el Gobierno nacional.<\/p>\n<p>\u201cEsperamos que las condiciones meteorol\u00f3gicas sean las adecuadas para que podamos trabajar hoy\u201d, a\u00f1adi\u00f3 Vignetta y detall\u00f3 que en el combate terrestre trabajan cerca de un centenar de brigadistas del Equipo T\u00e9cnico de Acci\u00f3n ante Cat\u00e1strofes (ETAC).<\/p>\n<p>Asimismo dijo que la Justicia investiga el origen del siniestro ambiental, a los efectos de determinar si tuvo que ver la &#8220;mano del hombre&#8221;.<\/p>\n","protected":false},"excerpt":{"rendered":"<p>El incendio se desat\u00f3 en la tarde del s\u00e1bado pasado en esa regi\u00f3n del Valle de Punilla, en la zona que rodea al Cerro Uritorco. Aseguran que se ha logrado \u201ccontrolar el 80 por ciento del incendio\u201d, y que el restante qued\u00f3 activo debido a las dificultades que presentan el terreno para el acceso de los brigadistas &nbsp; &nbsp; Brigadistas retomaron la ma\u00f1ana de este martes las tareas para extinguir el 20 por ciento del incendio forestal que se mantiene activo en la zona que rodea al Cerro Uritorco, ubicado&#8230;<\/p>\n","protected":false},"author":3,"featured_media":105318,"comment_status":"closed","ping_status":"closed","sticky":false,"template":"","format":"standard","meta":[],"categories":[2],"tags":[],"_links":{"self":[{"href":"https:\/\/www.actualidadadiario.com\/index.php\/wp-json\/wp\/v2\/posts\/105317"}],"collection":[{"href":"https:\/\/www.actualidadadiario.com\/index.php\/wp-json\/wp\/v2\/posts"}],"about":[{"href":"https:\/\/www.actualidadadiario.com\/index.php\/wp-json\/wp\/v2\/types\/post"}],"author":[{"embeddable":true,"href":"https:\/\/www.actualidadadiario.com\/index.php\/wp-json\/wp\/v2\/users\/3"}],"replies":[{"embeddable":true,"href":"https:\/\/www.actualidadadiario.com\/index.php\/wp-json\/wp\/v2\/comments?post=105317"}],"version-history":[{"count":1,"href":"https:\/\/www.actualidadadiario.com\/index.php\/wp-json\/wp\/v2\/posts\/105317\/revisions"}],"predecessor-version":[{"id":105319,"href":"https:\/\/www.actualidadadiario.com\/index.php\/wp-json\/wp\/v2\/posts\/105317\/revisions\/105319"}],"wp:featuredmedia":[{"embeddable":true,"href":"https:\/\/www.actualidadadiario.com\/index.php\/wp-json\/wp\/v2\/media\/105318"}],"wp:attachment":[{"href":"https:\/\/www.actualidadadiario.com\/index.php\/wp-json\/wp\/v2\/media?parent=105317"}],"wp:term":[{"taxonomy":"category","embeddable":true,"href":"https:\/\/www.actualidadadiario.com\/index.php\/wp-json\/wp\/v2\/categories?post=105317"},{"taxonomy":"post_tag","embeddable":true,"href":"https:\/\/www.actualidadadiario.com\/index.php\/wp-json\/wp\/v2\/tags?post=105317"}],"curies":[{"name":"wp","href":"https:\/\/api.w.org\/{rel}","templated":true}]}}