{"id":105309,"date":"2023-07-25T12:21:02","date_gmt":"2023-07-25T15:21:02","guid":{"rendered":"https:\/\/www.actualidadadiario.com\/?p=105309"},"modified":"2023-07-25T12:21:02","modified_gmt":"2023-07-25T15:21:02","slug":"una-encuesta-dice-que-el-72-de-los-britanicos-acepta-que-la-ue-use-el-nombre-malvinas","status":"publish","type":"post","link":"https:\/\/www.actualidadadiario.com\/index.php\/2023\/07\/25\/una-encuesta-dice-que-el-72-de-los-britanicos-acepta-que-la-ue-use-el-nombre-malvinas\/","title":{"rendered":"Una encuesta dice que el 72% de los brit\u00e1nicos acepta que la UE use el nombre Malvinas"},"content":{"rendered":"<p style=\"text-align: center;\"><em><strong>La encuesta se realiz\u00f3 en medio de una disputa diplom\u00e1tica entre la Uni\u00f3n Europea y el Reino Unido, desencadenada por la firma de un nuevo tratado entre la UE y el bloque de pa\u00edses latinoamericanos de la Celac<\/strong><\/em><\/p>\n<p>&nbsp;<\/p>\n<p>&nbsp;<\/p>\n<p>El 72% de los brit\u00e1nicos manifest\u00f3 estar de acuerdo con el uso del nombre Malvinas para referirse a las islas del Atl\u00e1ntico Sur por parte de la Uni\u00f3n Europea (UE), seg\u00fan una encuesta online del diario Daily Express iniciada el pasado jueves, que este lunes continuaba vigente y la cual se puede seguir votando a\u00fan.<\/p>\n<p>La encuesta del Daily Express arroj\u00f3 luz sobre la opini\u00f3n p\u00fablica brit\u00e1nica en relaci\u00f3n al uso del nombre Malvinas por parte de la UE.<\/p>\n<p>La mayor\u00eda de los participantes consider\u00f3 que la UE actu\u00f3 correctamente al utilizar ese nombre, lo que muestra que el asunto es motivo de un debate relevante y significativo en la sociedad brit\u00e1nica.<\/p>\n<p>&#8220;\u00bfEst\u00e1 fuera lugar que la UE use el nombre argentino Malvinas?&#8221;, dice la pregunta del diario brit\u00e1nico.<\/p>\n<p>El 72% contest\u00f3 que no, mientras que por el 28% vot\u00f3 que no estaba bien utilizado.<\/p>\n<p>La encuesta se realiz\u00f3 en medio de una disputa diplom\u00e1tica entre la Uni\u00f3n Europea y el Reino Unido, desencadenada por la firma de un nuevo tratado entre la UE y el bloque de pa\u00edses latinoamericanos de la Celac.<\/p>\n<p>En ese tratado, se design\u00f3 a las Islas como &#8220;Las Malvinas&#8221;, lo cual gener\u00f3 reacciones encontradas y tensiones entre ambas partes.<\/p>\n<p>La declaraci\u00f3n conjunta en el tratado respaldado por la UE y 32 pa\u00edses latinoamericanos menciona la cuesti\u00f3n de la soberan\u00eda sobre las Islas Malvinas\/Falkland Islands.<\/p>\n<p>En el texto, se toma nota de la posici\u00f3n hist\u00f3rica de la Celac y se destaca la importancia del di\u00e1logo y el respeto al derecho internacional para resolver pac\u00edficamente las controversias.<\/p>\n<p>Antes de la cumbre en la que se firm\u00f3 el tratado, el ministro de Relaciones Exteriores brit\u00e1nico, James Cleverly, hab\u00eda instado a la UE a evitar mencionar el nombre de las Islas Malvinas.<\/p>\n<p>Sin embargo, al haber abandonado el bloque, la UE afirm\u00f3 que no ten\u00eda competencia para opinar sobre el asunto.<\/p>\n<p>El Gobierno argentino por su parte, recibi\u00f3 el reconocimiento del nombre argentino de las Islas Malvinas en el tratado como una &#8220;victoria diplom\u00e1tica&#8221;.<\/p>\n<p>El canciller Santiago Cafiero consider\u00f3 que la declaraci\u00f3n conjunta representaba un llamado de la comunidad internacional al Reino Unido para que aceptara reanudar las negociaciones de soberan\u00eda con Argentina.<\/p>\n<p>Por otro lado, una fuente del Ministerio de Relaciones Exteriores del Reino Unido se mostr\u00f3 en contra del uso del nombre Malvinas y reiter\u00f3 que las Islas son territorio brit\u00e1nico de ultramar.<\/p>\n<p>Afirm\u00f3 que la voluntad de los habitantes de las Malvinas es clara, ya que en el refer\u00e9ndum de 2013 votaron abrumadoramente a favor de seguir siendo parte del Reino Unido.<\/p>\n<p>La disputa entre las partes involucradas persiste y el uso del nombre Malvinas en el tratado reaviv\u00f3 el debate sobre la soberan\u00eda de las islas en el Atl\u00e1ntico Sur.<\/p>\n","protected":false},"excerpt":{"rendered":"<p>La encuesta se realiz\u00f3 en medio de una disputa diplom\u00e1tica entre la Uni\u00f3n Europea y el Reino Unido, desencadenada por la firma de un nuevo tratado entre la UE y el bloque de pa\u00edses latinoamericanos de la Celac &nbsp; &nbsp; El 72% de los brit\u00e1nicos manifest\u00f3 estar de acuerdo con el uso del nombre Malvinas para referirse a las islas del Atl\u00e1ntico Sur por parte de la Uni\u00f3n Europea (UE), seg\u00fan una encuesta online del diario Daily Express iniciada el pasado jueves, que este lunes continuaba vigente y la cual&#8230;<\/p>\n","protected":false},"author":3,"featured_media":105311,"comment_status":"closed","ping_status":"closed","sticky":false,"template":"","format":"standard","meta":[],"categories":[9],"tags":[],"_links":{"self":[{"href":"https:\/\/www.actualidadadiario.com\/index.php\/wp-json\/wp\/v2\/posts\/105309"}],"collection":[{"href":"https:\/\/www.actualidadadiario.com\/index.php\/wp-json\/wp\/v2\/posts"}],"about":[{"href":"https:\/\/www.actualidadadiario.com\/index.php\/wp-json\/wp\/v2\/types\/post"}],"author":[{"embeddable":true,"href":"https:\/\/www.actualidadadiario.com\/index.php\/wp-json\/wp\/v2\/users\/3"}],"replies":[{"embeddable":true,"href":"https:\/\/www.actualidadadiario.com\/index.php\/wp-json\/wp\/v2\/comments?post=105309"}],"version-history":[{"count":1,"href":"https:\/\/www.actualidadadiario.com\/index.php\/wp-json\/wp\/v2\/posts\/105309\/revisions"}],"predecessor-version":[{"id":105312,"href":"https:\/\/www.actualidadadiario.com\/index.php\/wp-json\/wp\/v2\/posts\/105309\/revisions\/105312"}],"wp:featuredmedia":[{"embeddable":true,"href":"https:\/\/www.actualidadadiario.com\/index.php\/wp-json\/wp\/v2\/media\/105311"}],"wp:attachment":[{"href":"https:\/\/www.actualidadadiario.com\/index.php\/wp-json\/wp\/v2\/media?parent=105309"}],"wp:term":[{"taxonomy":"category","embeddable":true,"href":"https:\/\/www.actualidadadiario.com\/index.php\/wp-json\/wp\/v2\/categories?post=105309"},{"taxonomy":"post_tag","embeddable":true,"href":"https:\/\/www.actualidadadiario.com\/index.php\/wp-json\/wp\/v2\/tags?post=105309"}],"curies":[{"name":"wp","href":"https:\/\/api.w.org\/{rel}","templated":true}]}}