{"id":105300,"date":"2023-07-25T11:23:55","date_gmt":"2023-07-25T14:23:55","guid":{"rendered":"https:\/\/www.actualidadadiario.com\/?p=105300"},"modified":"2023-07-25T11:23:55","modified_gmt":"2023-07-25T14:23:55","slug":"el-senado-provincial-retoma-la-actividad","status":"publish","type":"post","link":"https:\/\/www.actualidadadiario.com\/index.php\/2023\/07\/25\/el-senado-provincial-retoma-la-actividad\/","title":{"rendered":"El Senado provincial retoma la actividad"},"content":{"rendered":"<p style=\"text-align: center;\"><em><strong>Fuentes legislativas confirmaron que la C\u00e1mara de Senadores de la Provincia volver\u00e1 al trabajo en comisi\u00f3n este martes 25 de julio. Adem\u00e1s, convoc\u00f3 a sesionar luego de m\u00e1s de un mes. Diputados, en tanto, retomar\u00e1 las sesiones reci\u00e9n el pr\u00f3ximo 2 de agosto<\/strong><\/em><\/p>\n<p>&nbsp;<\/p>\n<p>&nbsp;<\/p>\n<p>Luego de m\u00e1s de un mes de la \u00faltima sesi\u00f3n ordinaria, la C\u00e1mara de Senadores de la Provincia retoma su actividad esta semana. Ser\u00e1 a partir de las 11 horas de este martes cuando se re\u00fana la Comisi\u00f3n de Legislaci\u00f3n General para tratar, entre otros, el Proyecto de Ley, por el que se crea el R\u00e9gimen Integral de Ni\u00f1ez y Adolescencia<\/p>\n<p>Adem\u00e1s, seg\u00fan consta en la p\u00e1gina oficial del Senado, se convoc\u00f3 para el martes, mi\u00e9rcoles o jueves a la 10\u00aa Sesi\u00f3n Ordinaria.<\/p>\n<p>Vale mencionar que la \u00faltima Sesi\u00f3n se realiz\u00f3 el 14 de junio, oportunidad en la que se sancion\u00f3 la declaraci\u00f3n de \u00c1rea Natural Protegida, en la categor\u00eda Reserva de Usos M\u00faltiples, al establecimiento \u201cLa Porota\u201d, entre otros.<\/p>\n<p>Por su parte, la C\u00e1mara de Diputados de Entre R\u00edos reci\u00e9n retomar\u00e1 las sesiones 10 d\u00edas antes de las elecciones Primarias Abiertas, Simult\u00e1neas y Obligatorias, es decir el 2 de agosto, seg\u00fan confirmaron fuentes legislativas.<\/p>\n<p>En este caso, la \u00faltima sesi\u00f3n se registra el 7 de junio, cuando las y los diputados aprobaron el proyecto de ley que busca regular los honorarios de profesionales de la abogac\u00eda.<\/p>\n","protected":false},"excerpt":{"rendered":"<p>Fuentes legislativas confirmaron que la C\u00e1mara de Senadores de la Provincia volver\u00e1 al trabajo en comisi\u00f3n este martes 25 de julio. Adem\u00e1s, convoc\u00f3 a sesionar luego de m\u00e1s de un mes. Diputados, en tanto, retomar\u00e1 las sesiones reci\u00e9n el pr\u00f3ximo 2 de agosto &nbsp; &nbsp; Luego de m\u00e1s de un mes de la \u00faltima sesi\u00f3n ordinaria, la C\u00e1mara de Senadores de la Provincia retoma su actividad esta semana. Ser\u00e1 a partir de las 11 horas de este martes cuando se re\u00fana la Comisi\u00f3n de Legislaci\u00f3n General para tratar, entre otros,&#8230;<\/p>\n","protected":false},"author":3,"featured_media":84460,"comment_status":"closed","ping_status":"closed","sticky":false,"template":"","format":"standard","meta":[],"categories":[15],"tags":[],"_links":{"self":[{"href":"https:\/\/www.actualidadadiario.com\/index.php\/wp-json\/wp\/v2\/posts\/105300"}],"collection":[{"href":"https:\/\/www.actualidadadiario.com\/index.php\/wp-json\/wp\/v2\/posts"}],"about":[{"href":"https:\/\/www.actualidadadiario.com\/index.php\/wp-json\/wp\/v2\/types\/post"}],"author":[{"embeddable":true,"href":"https:\/\/www.actualidadadiario.com\/index.php\/wp-json\/wp\/v2\/users\/3"}],"replies":[{"embeddable":true,"href":"https:\/\/www.actualidadadiario.com\/index.php\/wp-json\/wp\/v2\/comments?post=105300"}],"version-history":[{"count":1,"href":"https:\/\/www.actualidadadiario.com\/index.php\/wp-json\/wp\/v2\/posts\/105300\/revisions"}],"predecessor-version":[{"id":105301,"href":"https:\/\/www.actualidadadiario.com\/index.php\/wp-json\/wp\/v2\/posts\/105300\/revisions\/105301"}],"wp:featuredmedia":[{"embeddable":true,"href":"https:\/\/www.actualidadadiario.com\/index.php\/wp-json\/wp\/v2\/media\/84460"}],"wp:attachment":[{"href":"https:\/\/www.actualidadadiario.com\/index.php\/wp-json\/wp\/v2\/media?parent=105300"}],"wp:term":[{"taxonomy":"category","embeddable":true,"href":"https:\/\/www.actualidadadiario.com\/index.php\/wp-json\/wp\/v2\/categories?post=105300"},{"taxonomy":"post_tag","embeddable":true,"href":"https:\/\/www.actualidadadiario.com\/index.php\/wp-json\/wp\/v2\/tags?post=105300"}],"curies":[{"name":"wp","href":"https:\/\/api.w.org\/{rel}","templated":true}]}}