{"id":105298,"date":"2023-07-25T11:23:07","date_gmt":"2023-07-25T14:23:07","guid":{"rendered":"https:\/\/www.actualidadadiario.com\/?p=105298"},"modified":"2023-07-25T11:23:07","modified_gmt":"2023-07-25T14:23:07","slug":"los-especialistas-pronostican-precipitaciones-por-encima-de-lo-normal-que-impactaran-en-los-rios-de-la-region","status":"publish","type":"post","link":"https:\/\/www.actualidadadiario.com\/index.php\/2023\/07\/25\/los-especialistas-pronostican-precipitaciones-por-encima-de-lo-normal-que-impactaran-en-los-rios-de-la-region\/","title":{"rendered":"Los especialistas pronostican precipitaciones por encima de lo normal que impactar\u00e1n en los r\u00edos de la regi\u00f3n"},"content":{"rendered":"<p style=\"text-align: center;\"><em><strong>\u201cSe espera que pasada la primavera y hacia finales de a\u00f1o haya un acompa\u00f1amiento con lluvias mayores a las normales que tendr\u00e1n un mayor efecto en los r\u00edos\u201d, pronostic\u00f3 un funcionario provincial<\/strong><\/em><\/p>\n<p>&nbsp;<\/p>\n<p>&nbsp;<\/p>\n<p>\u201cAsistimos al despertar de El Ni\u00f1o &#8211; que tantas veces se anunci\u00f3 &#8211; y en la zona de la cuenca del r\u00edo Uruguay se manifest\u00f3 con una crecida importante\u201d, comunic\u00f3 el director provincial de Hidr\u00e1ulica, Cristian Gietz.<\/p>\n<p>El r\u00edo Uruguay med\u00eda 8.04 metros a la altura del puerto de Concordia, es decir, 32 cent\u00edmetros menos que la \u00faltima medici\u00f3n efectuada el domingo y durante este lunes continuaba en bajante.<\/p>\n<p>&nbsp;<\/p>\n<p><strong>Alerta<\/strong><\/p>\n<p>Gietz coment\u00f3 adem\u00e1s que el r\u00edo Uruguay &#8220;tuvo la crecida m\u00e1s importante del \u00faltimo a\u00f1o y en algunos puertos &#8211; sobre todo en los de la provincia de Corrientes &#8211; alcanz\u00f3 los niveles de alerta\u201d.<\/p>\n<p>Adem\u00e1s, el ingeniero y funcionario provincial aclar\u00f3 que &#8220;esa onda de creciente ya pas\u00f3 y no hubo mayores problemas porque el nivel de alerta fue de un d\u00eda y despu\u00e9s baj\u00f3\u201d.<\/p>\n<p>&nbsp;<\/p>\n<p><strong>Concordia<\/strong><\/p>\n<p>Seg\u00fan el profesional, la onda de creciente &#8220;transita aguas abajo en Concordia, donde alcanz\u00f3 un nivel interesante, de poco m\u00e1s de 8 metros, que es el valor m\u00e1s alto que tuvo en todo este a\u00f1o\u201d.<\/p>\n<p>En efecto, puntualiz\u00f3 &#8220;el nivel de alerta es de 11.5 metros en Concordia pero pasando los 7.5 metros alcanza la Costanera y esa zona se inunda; esa es una cuesti\u00f3n que est\u00e1 prevista porque el nivel sube con las fluctuaciones de las erogaciones que hace la represa Salto Grande, que vac\u00eda el embalse previniendo la venida de lluvias y cuando llegan, las almacena y despu\u00e9s las va largando de a poco para que no haya muchos problemas aguas abajo\u201d.<\/p>\n<p>En Concordia, la crecida del r\u00edo Uruguay tambi\u00e9n afect\u00f3 la construcci\u00f3n de la Costanera N\u00e9bel. \u201cLa obra original est\u00e1 pr\u00e1cticamente termin\u00e1ndose y hay una ampliaci\u00f3n en curso que demorar\u00e1 un par de meses m\u00e1s\u201d, coment\u00f3 al respecto el funcionario.<\/p>\n","protected":false},"excerpt":{"rendered":"<p>\u201cSe espera que pasada la primavera y hacia finales de a\u00f1o haya un acompa\u00f1amiento con lluvias mayores a las normales que tendr\u00e1n un mayor efecto en los r\u00edos\u201d, pronostic\u00f3 un funcionario provincial &nbsp; &nbsp; \u201cAsistimos al despertar de El Ni\u00f1o &#8211; que tantas veces se anunci\u00f3 &#8211; y en la zona de la cuenca del r\u00edo Uruguay se manifest\u00f3 con una crecida importante\u201d, comunic\u00f3 el director provincial de Hidr\u00e1ulica, Cristian Gietz. El r\u00edo Uruguay med\u00eda 8.04 metros a la altura del puerto de Concordia, es decir, 32 cent\u00edmetros menos que&#8230;<\/p>\n","protected":false},"author":3,"featured_media":105212,"comment_status":"closed","ping_status":"closed","sticky":false,"template":"","format":"standard","meta":[],"categories":[15],"tags":[],"_links":{"self":[{"href":"https:\/\/www.actualidadadiario.com\/index.php\/wp-json\/wp\/v2\/posts\/105298"}],"collection":[{"href":"https:\/\/www.actualidadadiario.com\/index.php\/wp-json\/wp\/v2\/posts"}],"about":[{"href":"https:\/\/www.actualidadadiario.com\/index.php\/wp-json\/wp\/v2\/types\/post"}],"author":[{"embeddable":true,"href":"https:\/\/www.actualidadadiario.com\/index.php\/wp-json\/wp\/v2\/users\/3"}],"replies":[{"embeddable":true,"href":"https:\/\/www.actualidadadiario.com\/index.php\/wp-json\/wp\/v2\/comments?post=105298"}],"version-history":[{"count":1,"href":"https:\/\/www.actualidadadiario.com\/index.php\/wp-json\/wp\/v2\/posts\/105298\/revisions"}],"predecessor-version":[{"id":105299,"href":"https:\/\/www.actualidadadiario.com\/index.php\/wp-json\/wp\/v2\/posts\/105298\/revisions\/105299"}],"wp:featuredmedia":[{"embeddable":true,"href":"https:\/\/www.actualidadadiario.com\/index.php\/wp-json\/wp\/v2\/media\/105212"}],"wp:attachment":[{"href":"https:\/\/www.actualidadadiario.com\/index.php\/wp-json\/wp\/v2\/media?parent=105298"}],"wp:term":[{"taxonomy":"category","embeddable":true,"href":"https:\/\/www.actualidadadiario.com\/index.php\/wp-json\/wp\/v2\/categories?post=105298"},{"taxonomy":"post_tag","embeddable":true,"href":"https:\/\/www.actualidadadiario.com\/index.php\/wp-json\/wp\/v2\/tags?post=105298"}],"curies":[{"name":"wp","href":"https:\/\/api.w.org\/{rel}","templated":true}]}}