{"id":105295,"date":"2023-07-25T11:21:42","date_gmt":"2023-07-25T14:21:42","guid":{"rendered":"https:\/\/www.actualidadadiario.com\/?p=105295"},"modified":"2023-07-25T11:21:42","modified_gmt":"2023-07-25T14:21:42","slug":"trabajan-en-la-previa-al-inicio-de-la-perforacion-termal-en-santa-ana","status":"publish","type":"post","link":"https:\/\/www.actualidadadiario.com\/index.php\/2023\/07\/25\/trabajan-en-la-previa-al-inicio-de-la-perforacion-termal-en-santa-ana\/","title":{"rendered":"Trabajan en la previa al inicio de la perforaci\u00f3n termal en Santa Ana"},"content":{"rendered":"<p style=\"text-align: center;\"><em><strong>La m\u00e1quina perforadora y la torre ya est\u00e1n en el predio termal de Santa Ana. Unas 20 personas trabajan en el montaje y acondicionamiento del lugar para dejar en condiciones el equipamiento a fin de iniciar en breve la perforaci\u00f3n en s\u00ed. Se trata de personal calificado de la empresa a la que se adjudic\u00f3 la obra<\/strong><\/em><\/p>\n<p>&nbsp;<\/p>\n<p>&nbsp;<\/p>\n<p>Rogelio Zanadrea, intendente de Santa Ana, estim\u00f3 que a fines de este mes o a principios de agosto dar\u00eda comienzo esa etapa y record\u00f3 que las tareas previas de cerramiento del predio, rellenado y la construcci\u00f3n del pre pozo la hizo el municipio.<\/p>\n<p>\u201cEl municipio aport\u00f3 todo lo que ten\u00eda que aportar. La licitaci\u00f3n se llam\u00f3 para lo que es perforaci\u00f3n y bajada de ca\u00f1o. El resto de ca\u00f1os lo aporta el municipio, 800 metros de ca\u00f1os de acero. Eso ya lo aportamos. Tambi\u00e9n se provee gasoil, estad\u00eda, insumos para el personal\u201d, dijo.<\/p>\n<p>\u201cAhora ya est\u00e1 en manos de la empresa. Una vez que se inicia la perforaci\u00f3n, ellos tendr\u00edan 30 d\u00edas para llegar a los 1.100 metros de profundidad\u201c, apunt\u00f3. Sobre el tiempo en cuesti\u00f3n, el intendente se\u00f1al\u00f3 que los pliegos contemplaban un m\u00e1ximo de 5 meses. \u201cPero estas m\u00e1quinas que vienen del litio y el petr\u00f3leo lo hacen bastante m\u00e1s r\u00e1pido\u201d, acot\u00f3. Admiti\u00f3 que \u201ctodo este proceso se maneja con mucha ansiedad\u201d.<\/p>\n<p>Habl\u00f3 de haber hecho desde el municipio \u201ctodo lo que se ten\u00eda que hacer y hoy la pelota est\u00e1 del lado de la empresa. Les est\u00e1 faltando traer herramientas menores, porque las m\u00e1quinas m\u00e1s grandes, que estaban lejos, en comodoro Rivadavia, ya est\u00e1n en Santa Ana\u201d.<\/p>\n<p>\u201cSe ha movido mucho el mercado inmobiliario en Santa Ana desde el momento que hablamos nuevamente de termas. Cuanto m\u00e1s avanza el proyecto, cu\u00e1nto m\u00e1s realidad se va haciendo este sue\u00f1o, creo que vamos logrando el objetivo que ten\u00edamos\u201d, destac\u00f3.<\/p>\n<p>Zanandrea mencion\u00f3 de los riesgos que se corri\u00f3 como localidad peque\u00f1a en pos de acercar al inversor privado y se mostr\u00f3 satisfecho en ese camino.<\/p>\n<p>Aclar\u00f3 que \u201cnunca se ha resentido ning\u00fan tipo de servicio en la localidad en pos de este proyecto\u201d. En ese sentido, habl\u00f3 de las obras en el edificio municipal, en el cementerio, en la planta de residuos. \u201cHemos tratado de ser lo m\u00e1s previsibles posible y los ahorros suficiente, el financiamiento del 50 por ciento de la obra de la provincia ayuda mucho\u201d, remarc\u00f3 el intendente.<\/p>\n","protected":false},"excerpt":{"rendered":"<p>La m\u00e1quina perforadora y la torre ya est\u00e1n en el predio termal de Santa Ana. Unas 20 personas trabajan en el montaje y acondicionamiento del lugar para dejar en condiciones el equipamiento a fin de iniciar en breve la perforaci\u00f3n en s\u00ed. Se trata de personal calificado de la empresa a la que se adjudic\u00f3 la obra &nbsp; &nbsp; Rogelio Zanadrea, intendente de Santa Ana, estim\u00f3 que a fines de este mes o a principios de agosto dar\u00eda comienzo esa etapa y record\u00f3 que las tareas previas de cerramiento del&#8230;<\/p>\n","protected":false},"author":3,"featured_media":105296,"comment_status":"closed","ping_status":"closed","sticky":false,"template":"","format":"standard","meta":[],"categories":[15],"tags":[],"_links":{"self":[{"href":"https:\/\/www.actualidadadiario.com\/index.php\/wp-json\/wp\/v2\/posts\/105295"}],"collection":[{"href":"https:\/\/www.actualidadadiario.com\/index.php\/wp-json\/wp\/v2\/posts"}],"about":[{"href":"https:\/\/www.actualidadadiario.com\/index.php\/wp-json\/wp\/v2\/types\/post"}],"author":[{"embeddable":true,"href":"https:\/\/www.actualidadadiario.com\/index.php\/wp-json\/wp\/v2\/users\/3"}],"replies":[{"embeddable":true,"href":"https:\/\/www.actualidadadiario.com\/index.php\/wp-json\/wp\/v2\/comments?post=105295"}],"version-history":[{"count":1,"href":"https:\/\/www.actualidadadiario.com\/index.php\/wp-json\/wp\/v2\/posts\/105295\/revisions"}],"predecessor-version":[{"id":105297,"href":"https:\/\/www.actualidadadiario.com\/index.php\/wp-json\/wp\/v2\/posts\/105295\/revisions\/105297"}],"wp:featuredmedia":[{"embeddable":true,"href":"https:\/\/www.actualidadadiario.com\/index.php\/wp-json\/wp\/v2\/media\/105296"}],"wp:attachment":[{"href":"https:\/\/www.actualidadadiario.com\/index.php\/wp-json\/wp\/v2\/media?parent=105295"}],"wp:term":[{"taxonomy":"category","embeddable":true,"href":"https:\/\/www.actualidadadiario.com\/index.php\/wp-json\/wp\/v2\/categories?post=105295"},{"taxonomy":"post_tag","embeddable":true,"href":"https:\/\/www.actualidadadiario.com\/index.php\/wp-json\/wp\/v2\/tags?post=105295"}],"curies":[{"name":"wp","href":"https:\/\/api.w.org\/{rel}","templated":true}]}}