{"id":105293,"date":"2023-07-25T11:20:57","date_gmt":"2023-07-25T14:20:57","guid":{"rendered":"https:\/\/www.actualidadadiario.com\/?p=105293"},"modified":"2023-07-25T11:20:57","modified_gmt":"2023-07-25T14:20:57","slug":"en-agosto-la-uner-abre-la-inscripcion-para-los-mayores-de-25-anos-que-no-tengan-titulo-secundario-2","status":"publish","type":"post","link":"https:\/\/www.actualidadadiario.com\/index.php\/2023\/07\/25\/en-agosto-la-uner-abre-la-inscripcion-para-los-mayores-de-25-anos-que-no-tengan-titulo-secundario-2\/","title":{"rendered":"En agosto la UNER abre la inscripci\u00f3n para los mayores de 25 a\u00f1os que no tengan t\u00edtulo secundario"},"content":{"rendered":"<p style=\"text-align: center;\"><em><strong>Durante la primera quincena del mes de agosto, las personas que no finalizaron la escuela secundaria y tengan m\u00e1s de 25 a\u00f1os pueden anotarse a cursar carreras de la Universidad Nacional de Entre R\u00edos (UNER)<\/strong><\/em><\/p>\n<p>&nbsp;<\/p>\n<p>&nbsp;<\/p>\n<p>Se abrir\u00e1 en agosto la inscripci\u00f3n a carreras de la UNER para las personas mayores a 25 a\u00f1os que no acreditan t\u00edtulo de nivel secundario pero cuentan con las competencias requeridas, tal como lo establece el Art\u00edculo 7 de la Ley Nacional de Educaci\u00f3n Superior N\u00ba 24.521.<\/p>\n<p>Quienes est\u00e9n interesados\/as deber\u00e1n completar el siguiente formulario y presentar la documentaci\u00f3n correspondiente en la facultad donde se dicta la carrera elegida dentro de las fechas previstas. Para acceder al material de estudio, es necesario crear una cuenta en el Campus Virtual UNER y matricularse en el aula Art. 7\u00ba LES, siguiendo los pasos del tutorial.<\/p>\n<p>El ingreso mediante este procedimiento contempla dos instancias: a trav\u00e9s de una entrevista los y las aspirantes deber\u00e1n demostrar que poseen la experiencia y la preparaci\u00f3n necesaria acorde a los estudios que desean emprender. Posteriormente, por medio de instancias de evaluaci\u00f3n, deber\u00e1n evidenciar conocimientos en Lengua y Literatura, Matem\u00e1tica, Ciencias Sociales y Ciencias Naturales. Para la preparaci\u00f3n de los ex\u00e1menes los y las aspirantes contar\u00e1n con el acompa\u00f1amiento docente de la Universidad.<\/p>\n<p>&nbsp;<\/p>\n<p><strong>Requisitos y documentaci\u00f3n a presentar<\/strong><\/p>\n<p>-Tener 25 a\u00f1os cumplidos al momento de la inscripci\u00f3n<\/p>\n<p>-Fotocopia de DNI y original<\/p>\n<p>-Constancia de estudios primarios completos<\/p>\n<p>-Curr\u00edculum Vitae con car\u00e1cter de declaraci\u00f3n jurada<\/p>\n<p>-Formulario de solicitud de inscripci\u00f3n<\/p>\n<p>-Aprobar la evaluaci\u00f3n de antecedentes que incluir\u00e1 entrevista personal y evaluaci\u00f3n de conocimientos generales.<\/p>\n","protected":false},"excerpt":{"rendered":"<p>Durante la primera quincena del mes de agosto, las personas que no finalizaron la escuela secundaria y tengan m\u00e1s de 25 a\u00f1os pueden anotarse a cursar carreras de la Universidad Nacional de Entre R\u00edos (UNER) &nbsp; &nbsp; Se abrir\u00e1 en agosto la inscripci\u00f3n a carreras de la UNER para las personas mayores a 25 a\u00f1os que no acreditan t\u00edtulo de nivel secundario pero cuentan con las competencias requeridas, tal como lo establece el Art\u00edculo 7 de la Ley Nacional de Educaci\u00f3n Superior N\u00ba 24.521. Quienes est\u00e9n interesados\/as deber\u00e1n completar el&#8230;<\/p>\n","protected":false},"author":3,"featured_media":105219,"comment_status":"closed","ping_status":"closed","sticky":false,"template":"","format":"standard","meta":[],"categories":[15],"tags":[],"_links":{"self":[{"href":"https:\/\/www.actualidadadiario.com\/index.php\/wp-json\/wp\/v2\/posts\/105293"}],"collection":[{"href":"https:\/\/www.actualidadadiario.com\/index.php\/wp-json\/wp\/v2\/posts"}],"about":[{"href":"https:\/\/www.actualidadadiario.com\/index.php\/wp-json\/wp\/v2\/types\/post"}],"author":[{"embeddable":true,"href":"https:\/\/www.actualidadadiario.com\/index.php\/wp-json\/wp\/v2\/users\/3"}],"replies":[{"embeddable":true,"href":"https:\/\/www.actualidadadiario.com\/index.php\/wp-json\/wp\/v2\/comments?post=105293"}],"version-history":[{"count":1,"href":"https:\/\/www.actualidadadiario.com\/index.php\/wp-json\/wp\/v2\/posts\/105293\/revisions"}],"predecessor-version":[{"id":105294,"href":"https:\/\/www.actualidadadiario.com\/index.php\/wp-json\/wp\/v2\/posts\/105293\/revisions\/105294"}],"wp:featuredmedia":[{"embeddable":true,"href":"https:\/\/www.actualidadadiario.com\/index.php\/wp-json\/wp\/v2\/media\/105219"}],"wp:attachment":[{"href":"https:\/\/www.actualidadadiario.com\/index.php\/wp-json\/wp\/v2\/media?parent=105293"}],"wp:term":[{"taxonomy":"category","embeddable":true,"href":"https:\/\/www.actualidadadiario.com\/index.php\/wp-json\/wp\/v2\/categories?post=105293"},{"taxonomy":"post_tag","embeddable":true,"href":"https:\/\/www.actualidadadiario.com\/index.php\/wp-json\/wp\/v2\/tags?post=105293"}],"curies":[{"name":"wp","href":"https:\/\/api.w.org\/{rel}","templated":true}]}}