{"id":105290,"date":"2023-07-25T11:19:31","date_gmt":"2023-07-25T14:19:31","guid":{"rendered":"https:\/\/www.actualidadadiario.com\/?p=105290"},"modified":"2023-07-25T11:19:31","modified_gmt":"2023-07-25T14:19:31","slug":"lucia-varisco-y-rogelio-frigerio-recorrieron-san-agustin","status":"publish","type":"post","link":"https:\/\/www.actualidadadiario.com\/index.php\/2023\/07\/25\/lucia-varisco-y-rogelio-frigerio-recorrieron-san-agustin\/","title":{"rendered":"Luc\u00eda Varisco y Rogelio Frigerio recorrieron San Agust\u00edn"},"content":{"rendered":"<p style=\"text-align: center;\"><em><strong>Con una nutrida convocatoria de militantes, en el marco de la campa\u00f1a electoral, la precandidata a intendenta de Paran\u00e1 por la lista 502 F, Luc\u00eda Varisco, y el precandidato a gobernador de Juntos por Entre R\u00edos, Rogelio Frigerio, visitaron y dialogaron con vecinos y vecinas de la popular barriada de San Agust\u00edn<\/strong><\/em><\/p>\n<p>&nbsp;<\/p>\n<p>&nbsp;<\/p>\n<p>&#8220;Estamos viviendo un momento muy dif\u00edcil, con una crisis econ\u00f3mica muy grave y cuesta creer, en ese sentido nosotros queremos trabajar y volver a generar esa confianza que tuvimos para cambiar y mejorar porque Entre R\u00edos y Paran\u00e1 est\u00e1n para m\u00e1s&#8221;, remarc\u00f3 Varisco.<\/p>\n<p>Tras recordar que hay un diagn\u00f3stico sobre las necesidades que tiene la capital entrerriana, que son evaluadas por los equipos t\u00e9cnicos y por quienes la acompa\u00f1an en las pre candidaturas al Concejo Deliberante, Luc\u00eda Varisco destac\u00f3 que las prioridades y principales demandas de la gente \u201cse centran en temas como transporte p\u00fablico, agua potable y cloacas, el mantenimiento de las calles y la seguridad\u201d.<\/p>\n<p>En este \u00faltimo punto, la pre candidata radical a la Intendencia de Paran\u00e1 record\u00f3 que \u201cse debe continuar con el plan de iluminaci\u00f3n, iniciado durante la gesti\u00f3n de Sergio Varisco, como tambi\u00e9n ampliar el control con c\u00e1maras, para ayudar a la tarea de la polic\u00eda\u201d.<\/p>\n<p>Por su parte, el precandidato a gobernador de Juntos por Entre R\u00edos, Rogelio Frigerio, puso \u00e9nfasis \u201cen resolver la falta de trabajo, en una provincia que tiene un enorme potencial y necesita cambiar\u201d y a modo de reflexi\u00f3n plante\u00f3 que \u201csi seguimos haciendo las cosas como hace 20 a\u00f1os, los resultados no van a hacer distintos\u201d.<\/p>\n<p>\u201cHay un gran \u00e1nimo de todos los vecinos por dar el paso de cambiar y empezar a construir juntos una historia distinta\u201d, resalt\u00f3 Frigerio.<\/p>\n<p>En la continuidad de las caminatas y el contacto mano a mano con los paranaenses, Luc\u00eda Varisco visitar\u00e1 este martes por la tarde barrio Anacleto Medina Sur, en la seccional 9\u00aa, partiendo a las 16 desde el punto de encuentro que ser\u00e1 la intersecci\u00f3n de calles Luis Palma y los Chanas.<\/p>\n","protected":false},"excerpt":{"rendered":"<p>Con una nutrida convocatoria de militantes, en el marco de la campa\u00f1a electoral, la precandidata a intendenta de Paran\u00e1 por la lista 502 F, Luc\u00eda Varisco, y el precandidato a gobernador de Juntos por Entre R\u00edos, Rogelio Frigerio, visitaron y dialogaron con vecinos y vecinas de la popular barriada de San Agust\u00edn &nbsp; &nbsp; &#8220;Estamos viviendo un momento muy dif\u00edcil, con una crisis econ\u00f3mica muy grave y cuesta creer, en ese sentido nosotros queremos trabajar y volver a generar esa confianza que tuvimos para cambiar y mejorar porque Entre R\u00edos&#8230;<\/p>\n","protected":false},"author":3,"featured_media":105291,"comment_status":"closed","ping_status":"closed","sticky":false,"template":"","format":"standard","meta":[],"categories":[9],"tags":[],"_links":{"self":[{"href":"https:\/\/www.actualidadadiario.com\/index.php\/wp-json\/wp\/v2\/posts\/105290"}],"collection":[{"href":"https:\/\/www.actualidadadiario.com\/index.php\/wp-json\/wp\/v2\/posts"}],"about":[{"href":"https:\/\/www.actualidadadiario.com\/index.php\/wp-json\/wp\/v2\/types\/post"}],"author":[{"embeddable":true,"href":"https:\/\/www.actualidadadiario.com\/index.php\/wp-json\/wp\/v2\/users\/3"}],"replies":[{"embeddable":true,"href":"https:\/\/www.actualidadadiario.com\/index.php\/wp-json\/wp\/v2\/comments?post=105290"}],"version-history":[{"count":1,"href":"https:\/\/www.actualidadadiario.com\/index.php\/wp-json\/wp\/v2\/posts\/105290\/revisions"}],"predecessor-version":[{"id":105292,"href":"https:\/\/www.actualidadadiario.com\/index.php\/wp-json\/wp\/v2\/posts\/105290\/revisions\/105292"}],"wp:featuredmedia":[{"embeddable":true,"href":"https:\/\/www.actualidadadiario.com\/index.php\/wp-json\/wp\/v2\/media\/105291"}],"wp:attachment":[{"href":"https:\/\/www.actualidadadiario.com\/index.php\/wp-json\/wp\/v2\/media?parent=105290"}],"wp:term":[{"taxonomy":"category","embeddable":true,"href":"https:\/\/www.actualidadadiario.com\/index.php\/wp-json\/wp\/v2\/categories?post=105290"},{"taxonomy":"post_tag","embeddable":true,"href":"https:\/\/www.actualidadadiario.com\/index.php\/wp-json\/wp\/v2\/tags?post=105290"}],"curies":[{"name":"wp","href":"https:\/\/api.w.org\/{rel}","templated":true}]}}