{"id":105287,"date":"2023-07-25T11:18:40","date_gmt":"2023-07-25T14:18:40","guid":{"rendered":"https:\/\/www.actualidadadiario.com\/?p=105287"},"modified":"2023-07-25T11:18:40","modified_gmt":"2023-07-25T14:18:40","slug":"vamos-a-dar-un-salto-de-calidad-en-entre-rios-apoyando-el-desarrollo-de-la-agroindustria","status":"publish","type":"post","link":"https:\/\/www.actualidadadiario.com\/index.php\/2023\/07\/25\/vamos-a-dar-un-salto-de-calidad-en-entre-rios-apoyando-el-desarrollo-de-la-agroindustria\/","title":{"rendered":"\u201cVamos a dar un salto de calidad en Entre R\u00edos apoyando el desarrollo de la agroindustria\u201d"},"content":{"rendered":"<p style=\"text-align: center;\"><em><strong>Este lunes, el precandidato a gobernador por M\u00e1s para Entre R\u00edos, Ad\u00e1n Bahl, visit\u00f3 Maci\u00e1, donde dialog\u00f3 con representantes del sector productivo. \u201cNuestro compromiso es posicionar la producci\u00f3n de la provincia en lo m\u00e1s alto del mercado internacional y generar m\u00e1s oportunidades para los entrerrianos\u201d, sostuvo<\/strong><\/em><\/p>\n<p>&nbsp;<\/p>\n<p>&nbsp;<\/p>\n<p>Este lunes, el precandidato a Gobernador por M\u00e1s para Entre R\u00edos, Ad\u00e1n Bahl, visit\u00f3 Maci\u00e1. All\u00ed, dialog\u00f3 con representantes del sector productivo. \u201cNuestro compromiso es posicionar la producci\u00f3n de la provincia en lo m\u00e1s alto del mercado internacional y generar m\u00e1s oportunidades para los entrerrianos\u201d, sostuvo.<\/p>\n<p>En su recorrida, Bahl dialog\u00f3 con Ernesto Kober y su esposa, Gloria Paigel, quienes hace 20 a\u00f1os se dedican a la apicultura y hace un a\u00f1o radicaron su vivienda en el lugar donde producen. Cabe destacar que Entre R\u00edos es la segunda productora de miel del pa\u00eds y que la Argentina es el tercer productor de miel a nivel mundial.<\/p>\n<p>\u201cTenemos todo para ser una provincia protagonista. Para eso vamos a seguir acompa\u00f1ando a quienes producen, generan empleo y apuestan a desarrollarse ac\u00e1. A los que trabajan de sol a sol para producir bienes de calidad, que son reconocidos en el mundo entero\u201d, se\u00f1al\u00f3 el precandidato a Gobernador y agreg\u00f3: \u201cEstamos muy orgullosos de nuestros productores y vamos a trabajar para seguir agregando valor en origen y que nuestra miel est\u00e9 en todas las g\u00f3ndolas del mundo, en envases que tengan la marca y la identificaci\u00f3n entrerriana\u201d.<\/p>\n<p>Junto a Bahl estuvieron su compa\u00f1era de f\u00f3rmula, Claudia Monjo; el diputado provincial, Juan Navarro; el Intendente y precandidato a Senador del departamento Tala, Juan Diego Conti; el precandidato a Intendente de Maci\u00e1, Ariel M\u00fcller; su compa\u00f1era de f\u00f3rmula, Pamela Albornoz; y el secretario de la Producci\u00f3n de la Municipalidad de Maci\u00e1, Javier Crettaz.<\/p>\n<p>En otra visita, el actual Intendente de Paran\u00e1, dialog\u00f3 con representantes de El Montielero, empresa que pertenece a los hermanos Marcos y Guido Dalinger (elabora alimento balanceado, expeler y contin\u00faa expandi\u00e9ndose y diversific\u00e1ndose).<\/p>\n<p>\u201cMontielero es un gran ejemplo de lo que queremos para todos los j\u00f3venes entrerrianos: que puedan crecer y hacer realidad sus sue\u00f1os en su lugar\u201d, sostuvo Bahl y a\u00f1adi\u00f3: \u201cPara eso se necesita un Estado que priorice el desarrollo productivo y apoye a quienes producen y generan trabajo. Pero seriamente\u201d.<\/p>\n<p>En ese sentido, Bahl afirm\u00f3 que \u201cen tiempos electorales, escuchamos a algunos hablar de producci\u00f3n y empleo, pero cuando les toc\u00f3 gobernar, s\u00f3lo tomaron medidas contrarias al sector pyme\u201d. Y explic\u00f3 que \u201cel 10 de diciembre no vamos a llegar para improvisar, vamos a poner en marcha un plan que siga acompa\u00f1ando a los productores entrerrianos, impulsando los parques industriales, desarrollando infraestructura productiva y energ\u00edas alternativas para abaratar los costos, generando oportunidades de financiamiento, buscando nuevos mercados\u201d.<\/p>\n<p>Luego, finaliz\u00f3: \u201cTenemos el equipo, y nos respaldan los hechos. Es lo que hizo el Gobernador Gustavo Bordet; es lo que Claudia Monjo y yo venimos haciendo en nuestras ciudades, y tambi\u00e9n todos los intendentes que, como Diego (Conti) sienten un profundo amor y compromiso por sus localidades\u201d.<\/p>\n","protected":false},"excerpt":{"rendered":"<p>Este lunes, el precandidato a gobernador por M\u00e1s para Entre R\u00edos, Ad\u00e1n Bahl, visit\u00f3 Maci\u00e1, donde dialog\u00f3 con representantes del sector productivo. \u201cNuestro compromiso es posicionar la producci\u00f3n de la provincia en lo m\u00e1s alto del mercado internacional y generar m\u00e1s oportunidades para los entrerrianos\u201d, sostuvo &nbsp; &nbsp; Este lunes, el precandidato a Gobernador por M\u00e1s para Entre R\u00edos, Ad\u00e1n Bahl, visit\u00f3 Maci\u00e1. All\u00ed, dialog\u00f3 con representantes del sector productivo. \u201cNuestro compromiso es posicionar la producci\u00f3n de la provincia en lo m\u00e1s alto del mercado internacional y generar m\u00e1s oportunidades&#8230;<\/p>\n","protected":false},"author":3,"featured_media":105288,"comment_status":"closed","ping_status":"closed","sticky":false,"template":"","format":"standard","meta":[],"categories":[9],"tags":[],"_links":{"self":[{"href":"https:\/\/www.actualidadadiario.com\/index.php\/wp-json\/wp\/v2\/posts\/105287"}],"collection":[{"href":"https:\/\/www.actualidadadiario.com\/index.php\/wp-json\/wp\/v2\/posts"}],"about":[{"href":"https:\/\/www.actualidadadiario.com\/index.php\/wp-json\/wp\/v2\/types\/post"}],"author":[{"embeddable":true,"href":"https:\/\/www.actualidadadiario.com\/index.php\/wp-json\/wp\/v2\/users\/3"}],"replies":[{"embeddable":true,"href":"https:\/\/www.actualidadadiario.com\/index.php\/wp-json\/wp\/v2\/comments?post=105287"}],"version-history":[{"count":1,"href":"https:\/\/www.actualidadadiario.com\/index.php\/wp-json\/wp\/v2\/posts\/105287\/revisions"}],"predecessor-version":[{"id":105289,"href":"https:\/\/www.actualidadadiario.com\/index.php\/wp-json\/wp\/v2\/posts\/105287\/revisions\/105289"}],"wp:featuredmedia":[{"embeddable":true,"href":"https:\/\/www.actualidadadiario.com\/index.php\/wp-json\/wp\/v2\/media\/105288"}],"wp:attachment":[{"href":"https:\/\/www.actualidadadiario.com\/index.php\/wp-json\/wp\/v2\/media?parent=105287"}],"wp:term":[{"taxonomy":"category","embeddable":true,"href":"https:\/\/www.actualidadadiario.com\/index.php\/wp-json\/wp\/v2\/categories?post=105287"},{"taxonomy":"post_tag","embeddable":true,"href":"https:\/\/www.actualidadadiario.com\/index.php\/wp-json\/wp\/v2\/tags?post=105287"}],"curies":[{"name":"wp","href":"https:\/\/api.w.org\/{rel}","templated":true}]}}