{"id":105270,"date":"2023-07-24T15:16:05","date_gmt":"2023-07-24T18:16:05","guid":{"rendered":"https:\/\/www.actualidadadiario.com\/?p=105270"},"modified":"2023-07-24T15:16:05","modified_gmt":"2023-07-24T18:16:05","slug":"lula-da-silva-fue-infiltrado-y-sera-operado-antes-de-fin-de-ano","status":"publish","type":"post","link":"https:\/\/www.actualidadadiario.com\/index.php\/2023\/07\/24\/lula-da-silva-fue-infiltrado-y-sera-operado-antes-de-fin-de-ano\/","title":{"rendered":"Lula Da Silva fue infiltrado y ser\u00e1 operado antes de fin de a\u00f1o"},"content":{"rendered":"<p style=\"text-align: center;\"><em><strong>El mandatario de Brasil tiene 77 a\u00f1os y fue atendido en el Hospital Sirio Liban\u00e9s de la ciudad de Sao Paulo<\/strong><\/em><\/p>\n<p>&nbsp;<\/p>\n<p>&nbsp;<\/p>\n<p>El presidente de Brasil, Luiz In\u00e1cio Lula da Silva, se someti\u00f3 a una infiltraci\u00f3n para disminuir los dolores que padece en la cadera, raz\u00f3n por la cual debe operarse antes de fin de a\u00f1o, inform\u00f3 el Gobierno brasile\u00f1o.<\/p>\n<p>El mandatario de Brasil tiene 77 a\u00f1os y fue atendido este domingo en el Hospital Sirio Liban\u00e9s de la ciudad de Sao Paulo a ra\u00edz de los dolores en la cadera, situaci\u00f3n que no afect\u00f3 su agenda de trabajo, inform\u00f3 la agencia de noticias Xinhua.<\/p>\n<p>La Presidencia de Brasil indic\u00f3 en un comunicado que Lula da Silva se someti\u00f3 a la &#8220;peque\u00f1a infiltraci\u00f3n para combatir los dolores en la cadera&#8221;, pero sigui\u00f3 con &#8220;todos los compromisos de su agenda&#8221;.<\/p>\n<p>&#8220;Existe la indicaci\u00f3n m\u00e9dica de que ser\u00e1 necesario hacer una cirug\u00eda pero no es de urgencia y no existe fecha para ello. La cirug\u00eda posiblemente debe ocurrir entre octubre y diciembre&#8221;, seg\u00fan la Presidencia.<\/p>\n<p>Despu\u00e9s de la infiltraci\u00f3n, Lula da Silva cumpli\u00f3 el domingo con su agenda oficial, al participar en el acto de cambio de la nueva direcci\u00f3n del Sindicato de Metal\u00fargicos, en San Bernardo do Campo, en el Gran San Pablo.<\/p>\n<p>&nbsp;<\/p>\n<p><strong>Restricci\u00f3n de armas<\/strong><\/p>\n<p>Lula hab\u00eda firmado el viernes un decreto que restringe el acceso a armas y municiones por parte de los civiles, el cual hab\u00eda sido flexibilizado durante el mandato de su antecesor, Jair Bolsonaro.<\/p>\n<p>&#8220;Una cosa es que un ciudadano tenga un arma en casa, por protecci\u00f3n, por garant\u00eda, porque hay gente que piensa que tener un arma en casa es una seguridad. Pero no podemos permitir que haya arsenales de armas en manos de las personas&#8221;, dijo el mandatario en un acto en el Palacio de Planalto (sede del Gobierno).<\/p>\n<p>Entre otras medidas, el decreto deja en manos de la Polic\u00eda Federal la responsabilidad de fiscalizar a los cazadores, tiradores y coleccionistas, que hasta ahora estaba a cargo del Ej\u00e9rcito.<\/p>\n<p>Adem\u00e1s, restringe el funcionamiento de los clubes de tiro, restituye las reglas de distinci\u00f3n entre armas de uso para \u00f3rganos de seguridad y destinadas a los ciudadanos comunes, y disminuye la validez de los registros de armas de fuego.<\/p>\n<p>El objetivo es reducir la cantidad de armas y municiones disponibles para civiles, as\u00ed como limitar la adquisici\u00f3n de armamento por parte de los cazadores, tiradores y coleccionistas.<\/p>\n<p>Con la nueva normativa, por ejemplo, los cazadores podr\u00e1n adquirir hasta seis armas y 3.000 municiones al a\u00f1o, frente a las 30 que pod\u00edan comprar con la legislaci\u00f3n anterior.<\/p>\n","protected":false},"excerpt":{"rendered":"<p>El mandatario de Brasil tiene 77 a\u00f1os y fue atendido en el Hospital Sirio Liban\u00e9s de la ciudad de Sao Paulo &nbsp; &nbsp; El presidente de Brasil, Luiz In\u00e1cio Lula da Silva, se someti\u00f3 a una infiltraci\u00f3n para disminuir los dolores que padece en la cadera, raz\u00f3n por la cual debe operarse antes de fin de a\u00f1o, inform\u00f3 el Gobierno brasile\u00f1o. El mandatario de Brasil tiene 77 a\u00f1os y fue atendido este domingo en el Hospital Sirio Liban\u00e9s de la ciudad de Sao Paulo a ra\u00edz de los dolores en&#8230;<\/p>\n","protected":false},"author":3,"featured_media":100102,"comment_status":"closed","ping_status":"closed","sticky":false,"template":"","format":"standard","meta":[],"categories":[4],"tags":[],"_links":{"self":[{"href":"https:\/\/www.actualidadadiario.com\/index.php\/wp-json\/wp\/v2\/posts\/105270"}],"collection":[{"href":"https:\/\/www.actualidadadiario.com\/index.php\/wp-json\/wp\/v2\/posts"}],"about":[{"href":"https:\/\/www.actualidadadiario.com\/index.php\/wp-json\/wp\/v2\/types\/post"}],"author":[{"embeddable":true,"href":"https:\/\/www.actualidadadiario.com\/index.php\/wp-json\/wp\/v2\/users\/3"}],"replies":[{"embeddable":true,"href":"https:\/\/www.actualidadadiario.com\/index.php\/wp-json\/wp\/v2\/comments?post=105270"}],"version-history":[{"count":1,"href":"https:\/\/www.actualidadadiario.com\/index.php\/wp-json\/wp\/v2\/posts\/105270\/revisions"}],"predecessor-version":[{"id":105271,"href":"https:\/\/www.actualidadadiario.com\/index.php\/wp-json\/wp\/v2\/posts\/105270\/revisions\/105271"}],"wp:featuredmedia":[{"embeddable":true,"href":"https:\/\/www.actualidadadiario.com\/index.php\/wp-json\/wp\/v2\/media\/100102"}],"wp:attachment":[{"href":"https:\/\/www.actualidadadiario.com\/index.php\/wp-json\/wp\/v2\/media?parent=105270"}],"wp:term":[{"taxonomy":"category","embeddable":true,"href":"https:\/\/www.actualidadadiario.com\/index.php\/wp-json\/wp\/v2\/categories?post=105270"},{"taxonomy":"post_tag","embeddable":true,"href":"https:\/\/www.actualidadadiario.com\/index.php\/wp-json\/wp\/v2\/tags?post=105270"}],"curies":[{"name":"wp","href":"https:\/\/api.w.org\/{rel}","templated":true}]}}