{"id":105267,"date":"2023-07-24T14:36:24","date_gmt":"2023-07-24T17:36:24","guid":{"rendered":"https:\/\/www.actualidadadiario.com\/?p=105267"},"modified":"2023-07-24T14:36:24","modified_gmt":"2023-07-24T17:36:24","slug":"encuesta-de-ceop-sergio-massa-es-el-candidato-mas-votado-en-las-paso","status":"publish","type":"post","link":"https:\/\/www.actualidadadiario.com\/index.php\/2023\/07\/24\/encuesta-de-ceop-sergio-massa-es-el-candidato-mas-votado-en-las-paso\/","title":{"rendered":"Encuesta de CEOP: Sergio Massa es el candidato m\u00e1s votado en las PASO"},"content":{"rendered":"<p style=\"text-align: center;\"><em><strong>El relevamiento muestra que el ministro Massa encabeza la votaci\u00f3n como candidato individual. Juntos por el Cambio le saca menos de dos puntos a Uni\u00f3n por la Patria en la suma del espacio pol\u00edtico. La tensa pulseada entre Bullrich y Larreta, y el factor Mieli<\/strong><\/em><\/p>\n<p>&nbsp;<\/p>\n<p>&nbsp;<\/p>\n<p>Sergio Massa, precandidato de Uni\u00f3n por la Patria (UxP), aparece como el que tiene mayor intenci\u00f3n de voto de cara a las PASO del 13 de agosto. Es cierto que si se suma a los dos postulantes de Juntos por el Cambio (JxC), Patricia Bullrich y Horacio Rodr\u00edguez Larreta, superar\u00edan a la suma de Massa y Juan Grabois. Pero la diferencia es estrecha. Muy estrecha: apenas dos puntos. Adem\u00e1s, es toda una pol\u00e9mica si son sumables los votos de Bullrich y Larreta. Ambos disputan una interna feroz, con la exministra de Seguridad imponi\u00e9ndose por muy poco al jefe de Gobierno porte\u00f1o. \u201cEmpate t\u00e9cnico\u201d, ser\u00eda el diagn\u00f3stico de cualquier encuestador.<\/p>\n<p>No tan lejos, aparece Javier Milei, con casi el 20 por ciento de los votos, resistiendo las cr\u00edticas y denuncias de los \u00faltimos tiempos. Un dato fundamental es que casi uno de cada cinco ciudadanos podr\u00eda optar por no ir a votar, votar en blanco o, hasta ahora, no sabe a qui\u00e9n va a apoyar. Que una parte de esos votantes dudosos se inclinen para uno u otro lado, har\u00e1 mucha diferencia.<\/p>\n<p>Las conclusiones surgen de una encuesta realizada por el Centro de Estudios de Opini\u00f3n P\u00fablica (CEOP), que lidera Roberto Bacman. En total se entrevistaron 1174 ciudadanos de todo el pa\u00eds con el sistema telef\u00f3nico conocido como CATI, que significa que no es mediante una grabaci\u00f3n sino con un encuestador que habla con el encuestado.<\/p>\n<p>&nbsp;<\/p>\n<p><strong>Massa, Grabois y las chances<\/strong><\/p>\n<p>\u201cEl escenario no est\u00e1 definido -explica Bacman-. Massa se encamina a ser el candidato m\u00e1s votado. No es un tema menor, eso impacta. La interna en UxP es apacible. La cuesti\u00f3n est\u00e1 en la econom\u00eda y en un punto relevante: el acuerdo con el FMI y si se logra en t\u00e9rminos beneficiosos. Queda por definirse un segmento de independientes moderados que a\u00fan no decidieron qu\u00e9 har\u00e1n. Son indecisos que al mismo tiempo representan una oportunidad para Massa. En paralelo, Massa tampoco debe apartarse del n\u00facleo duro cristinista\u201d.<\/p>\n<p>En la encuesta del CEOP, Grabois logra m\u00e1s de un cinco por ciento, un porcentaje significativo teniendo en cuenta que la mayor\u00eda de los sectores internos del peronismo respaldan a Massa.<\/p>\n<p>&nbsp;<\/p>\n<p><strong>Larreta y Bullrich parejos, pero\u2026<\/strong><\/p>\n<p>Seg\u00fan el relevamiento, Bullrich aventaja levemente a Rodr\u00edguez Larreta: 16.3 la exministra, 14 por ciento el jefe de Gobierno. \u201cNo es una diferencia definitiva -sostiene Bacman-. El resultado es incierto y se produce en una interna corrida muy a la derecha. La inclusi\u00f3n de Gerardo Morales expresa que el jefe de Gobierno decidi\u00f3 enfrentar a Bullrich en el terreno de ella, apuntando al n\u00facleo duro de JxC\u201d.<\/p>\n<p>Una duda que pareci\u00f3 surgir en las elecciones provinciales est\u00e1 referida al aparato del radicalismo, presente en todas las poblaciones chicas del interior. Se vio en Santa F\u00e9, donde Maximiliano Pullaro termin\u00f3 sacando muchos m\u00e1s votos de los pensados. Con una ventaja estrecha como la que existe, la vieja estructura de la UCR puede hacer diferencias importantes para Larreta.<\/p>\n<p>&nbsp;<\/p>\n<p><strong>Milei se cae, pero no tanto<\/strong><\/p>\n<p>Bacman calcula que el candidato de La Libertad Avanza perdi\u00f3 unos seis puntos, en especial en junio y julio. El consultor sostiene que esos votos se trasladaron a Bullrich y por eso la exministra est\u00e1 competitiva en las PASO de JxC.<\/p>\n<p>&#8220;Es cierto que Milei viene de recibir golpes en las elecciones provinciales y se sumaron denuncias por la venta de candidaturas. Pero la impresi\u00f3n es que sufre tambi\u00e9n el impacto de que los medios alineados con JxC, que antes lo ensalzaban para golpear al gobierno, ahora le pegan dur\u00edsimo porque ven que le quita votos al macrismo&#8221;, analiza.<\/p>\n<p>&nbsp;<\/p>\n<p><strong>Uni\u00f3n por la Patria vs. Juntos por el Cambio<\/strong><\/p>\n<p>Como surge del sondeo, por ahora hay menos de dos puntos de diferencia. Massa y Grabois suman 28.5 y Bullrich y Larreta suman 30.3. Hay 1,8 entre unos y otros. Hay que preguntarse si los votos de Bullrich y Larreta son sumables. \u201cEs dif\u00edcil de responder -afirma el titular del CEOP-. Cuando una interna escala tanto, no es f\u00e1cil encontrar una s\u00edntesis que recomponga el v\u00ednculo, no s\u00f3lo entre los pol\u00edticos sino tambi\u00e9n en la gente. Si Bullrich pierde, \u00bfel n\u00facleo duro de ella est\u00e1 m\u00e1s cerca de Larreta o de Milei? Si gana Bullrich, \u00bfuna parte del sector moderado de JxC, no ser\u00e1 m\u00e1s af\u00edn a Massa que a Bullrich? Todo es m\u00e1s complejo de lo que aparenta\u201d.<\/p>\n<p>Efectivamente, buena parte de los votantes de Bullrich vienen de Milei y podr\u00edan volver a Milei, si Larreta gana las PASO de JxC. Pero tambi\u00e9n puede ocurrir que haya una fuerte tendencia al llamado voto-\u00fatil. Es decir que votantes de Milei, que perciben que no tiene chances de llegar a la presidencia, terminan no votando o y\u00e9ndose con JxC para que no gane el peronismo.<\/p>\n<p>&nbsp;<\/p>\n<p><strong>Las PASO y despu\u00e9s<\/strong><\/p>\n<p>En general, los consultores siempre consideran que cada elecci\u00f3n es un mundo distinto porque hay que ver el impacto que tiene el resultado de las PASO en la elecci\u00f3n general de octubre y la de octubre en un eventual ballotage.<\/p>\n<p>Por de pronto, para el 13 de agosto todav\u00eda hay inc\u00f3gnitas. Una clave (ver aparte) es el presentismo, siempre menor en las PASO que en la elecci\u00f3n general. Bacman, en sinton\u00eda con la mayor\u00eda de los encuestadores, considera que poco presentismo es mala noticia para el peronismo, porque en general los que no van a votar son sectores humildes, enojados o indiferentes.<\/p>\n<p>Pero, adem\u00e1s, es clave recordar que el Frente de Todos, ahora UxP, ya consigui\u00f3 el 48 por ciento hace cuatro a\u00f1os, con la f\u00f3rmula Alberto Fern\u00e1ndez-Cristina Fern\u00e1ndez de Kirchner. O sea, hay una franja que ya vot\u00f3 al actual oficialismo y se decepcion\u00f3 en estos a\u00f1os, en especial por la inflaci\u00f3n y la falta de ingresos. Ese es el voto que Massa y Agust\u00edn Rossi necesitan recuperar, no s\u00f3lo explicando que hubo que afrontar la pandemia, la invasi\u00f3n de Rusia a Ucrania y la sequ\u00eda, sino creando una nueva esperanza.<\/p>\n<p>La base para combatir ese ausentismo y recuperar aquellos apoyos perdidos es que los intendentes y toda la estructura partidaria, en especial del Gran Buenos Aires, transmitan ilusi\u00f3n, m\u00edstica y \u00e9pica al electorado. La tumultuosa interna de JxC ya crea tensi\u00f3n electoral en la oposici\u00f3n y vocaci\u00f3n por ir a votar. Para el oficialismo es todo un desaf\u00edo crear el clima que lleve al votante, s\u00ed o s\u00ed, a las urnas.<\/p>\n","protected":false},"excerpt":{"rendered":"<p>El relevamiento muestra que el ministro Massa encabeza la votaci\u00f3n como candidato individual. Juntos por el Cambio le saca menos de dos puntos a Uni\u00f3n por la Patria en la suma del espacio pol\u00edtico. La tensa pulseada entre Bullrich y Larreta, y el factor Mieli &nbsp; &nbsp; Sergio Massa, precandidato de Uni\u00f3n por la Patria (UxP), aparece como el que tiene mayor intenci\u00f3n de voto de cara a las PASO del 13 de agosto. Es cierto que si se suma a los dos postulantes de Juntos por el Cambio (JxC),&#8230;<\/p>\n","protected":false},"author":3,"featured_media":105268,"comment_status":"closed","ping_status":"closed","sticky":false,"template":"","format":"standard","meta":[],"categories":[9],"tags":[],"_links":{"self":[{"href":"https:\/\/www.actualidadadiario.com\/index.php\/wp-json\/wp\/v2\/posts\/105267"}],"collection":[{"href":"https:\/\/www.actualidadadiario.com\/index.php\/wp-json\/wp\/v2\/posts"}],"about":[{"href":"https:\/\/www.actualidadadiario.com\/index.php\/wp-json\/wp\/v2\/types\/post"}],"author":[{"embeddable":true,"href":"https:\/\/www.actualidadadiario.com\/index.php\/wp-json\/wp\/v2\/users\/3"}],"replies":[{"embeddable":true,"href":"https:\/\/www.actualidadadiario.com\/index.php\/wp-json\/wp\/v2\/comments?post=105267"}],"version-history":[{"count":1,"href":"https:\/\/www.actualidadadiario.com\/index.php\/wp-json\/wp\/v2\/posts\/105267\/revisions"}],"predecessor-version":[{"id":105269,"href":"https:\/\/www.actualidadadiario.com\/index.php\/wp-json\/wp\/v2\/posts\/105267\/revisions\/105269"}],"wp:featuredmedia":[{"embeddable":true,"href":"https:\/\/www.actualidadadiario.com\/index.php\/wp-json\/wp\/v2\/media\/105268"}],"wp:attachment":[{"href":"https:\/\/www.actualidadadiario.com\/index.php\/wp-json\/wp\/v2\/media?parent=105267"}],"wp:term":[{"taxonomy":"category","embeddable":true,"href":"https:\/\/www.actualidadadiario.com\/index.php\/wp-json\/wp\/v2\/categories?post=105267"},{"taxonomy":"post_tag","embeddable":true,"href":"https:\/\/www.actualidadadiario.com\/index.php\/wp-json\/wp\/v2\/tags?post=105267"}],"curies":[{"name":"wp","href":"https:\/\/api.w.org\/{rel}","templated":true}]}}