{"id":105264,"date":"2023-07-24T14:21:25","date_gmt":"2023-07-24T17:21:25","guid":{"rendered":"https:\/\/www.actualidadadiario.com\/?p=105264"},"modified":"2023-07-24T14:21:25","modified_gmt":"2023-07-24T17:21:25","slug":"nunca-tuvieron-conmigo-un-enfrentamiento-dogmatico-o-prejuicios-porque-tengo-sentido-practico","status":"publish","type":"post","link":"https:\/\/www.actualidadadiario.com\/index.php\/2023\/07\/24\/nunca-tuvieron-conmigo-un-enfrentamiento-dogmatico-o-prejuicios-porque-tengo-sentido-practico\/","title":{"rendered":"&#8220;Nunca tuvieron conmigo un enfrentamiento dogm\u00e1tico o prejuicios porque tengo sentido pr\u00e1ctico&#8221;"},"content":{"rendered":"<p style=\"text-align: center;\"><em><strong>El postulante presidencial del oficialismo estuvo en la Exposici\u00f3n Rural de Palermo y apunt\u00f3 a los opositores por plantear &#8220;consignas lindas para la tele&#8221; que no tienen &#8220;correlato con las cuentas&#8221; del pa\u00eds<\/strong><\/em><\/p>\n<p>&nbsp;<\/p>\n<p>&nbsp;<\/p>\n<p>El ministro de Econom\u00eda y precandidato presidencial de Uni\u00f3n por la Patria, Sergio Massa, les habl\u00f3 a los referentes del campo y recalc\u00f3 que nunca tuvieron con \u00e9l &#8220;un enfrentamiento dogm\u00e1tico o por prejuicio&#8221;, al tiempo que cuestion\u00f3 a sus pares de la oposici\u00f3n por decir cosas &#8220;lindas para la tele sin correlato con las cuentas&#8221; del pa\u00eds.<\/p>\n<p>El postulante del oficialismo tambi\u00e9n defendi\u00f3 la nueva edici\u00f3n del d\u00f3lar agro que fue cuestionada este lunes por el presidente de la Sociedad Rural Argentina (SRA), Nicol\u00e1s Pino, y dijo que ning\u00fan referente del campo puede &#8220;desconocer la coyuntura&#8221; de la Argentina.<\/p>\n<p>&#8220;Hay medidas transitorias que pueden ser m\u00e1s o menos agradables, m\u00e1s o menos cuestionables, pero que tienen que ver con la mirada del momento, no se pueden analizar a largo plazo, ninguno de ustedes pueden desconocer la coyuntura&#8221; del pa\u00eds, resalt\u00f3 Massa.<\/p>\n<p>Al cerrar las exposiciones de precandidatos presidenciales en la 135 Exposici\u00f3n Rural de Palermo, el l\u00edder del Frente Renovador subray\u00f3: &#8220;Nunca tuvieron conmigo un enfrentamiento dogm\u00e1tico o por prejuicio porque tengo sentido pr\u00e1ctico&#8221;.<\/p>\n<p>&#8220;Voy a trabajar como presidente para que ocupemos cada vez m\u00e1s lugar en los mercados. Voy a trabajar para aumentar el nivel industrial, voy a trabajar para seguir aumentando las inversiones en materia de riego, para que la pr\u00f3xima vez que nos toque una sequ\u00eda no estemos dependiendo de la lluvia&#8221;, enumer\u00f3.<\/p>\n<p>&#8220;Es importante entender que a lo largo del \u00faltimo a\u00f1o muchas de las dificultades las hemos podido enfrentar sin necesidad de discusi\u00f3n, con di\u00e1logo, y eso tiene que ver con una convicci\u00f3n personal&#8221;, expres\u00f3 Massa sobre su relaci\u00f3n con el sector tras desembarcar en el Ministerio de Econom\u00eda.<\/p>\n<p>Sobre su eventual gobierno, expres\u00f3: &#8220;Creemos que es fundamental que el Congreso sancione la ley de Agroindustria, porque entendemos que el mayor valor agregado de nuestra exportaciones servir\u00e1 para bajar la presi\u00f3n sobre la producci\u00f3n primaria en materia impositiva&#8221;.<\/p>\n<p>&#8220;Escuch\u00e9 que a lo largo de la ma\u00f1ana se plante\u00f3 y no quiero entrar en pol\u00e9micas, saben que mi estilo es trabajar y avanzar, pero escuch\u00e9 que se habl\u00f3 de las retenciones a las econom\u00edas regionales. No son 200 econom\u00edas regionales, quedan solo seis hasta el 30 de agosto y a partir del 1 de septiembre ninguna econom\u00eda regional va a pagar retenciones&#8221;, remarc\u00f3 Massa.<\/p>\n<p>En ese momento, habl\u00f3 de la campa\u00f1a electoral rumbo a las PASO del 13 de agosto y se\u00f1al\u00f3 que &#8220;no vale todo&#8221;.<\/p>\n<p>&#8220;Yo creo que es muy importante para cambiar la credibilidad del sistema pol\u00edtico argentino venir y decir lo que uno puede hacer y lo que no puede hacer. Consignas f\u00e1ciles y lindas para la tele sin correlato con las cuentas son solo pan para hoy y hambre para ma\u00f1ana&#8221;, enfatiz\u00f3 el l\u00edder del Frente Renovador.<\/p>\n<p>&#8220;Yo quiero decirles con mucha claridad, dejarles una definici\u00f3n m\u00e1s pol\u00edtica y menos t\u00e9cnica porque es lo m\u00e1s importante: hace m\u00e1s de 20 a\u00f1os que llevo adelante diferentes responsabilidades en la vida p\u00fablica, siempre plante\u00e9 en p\u00fablico y en privado que el sector agropecuario y agroindustrial es de los motores del pa\u00eds&#8221;.<\/p>\n","protected":false},"excerpt":{"rendered":"<p>El postulante presidencial del oficialismo estuvo en la Exposici\u00f3n Rural de Palermo y apunt\u00f3 a los opositores por plantear &#8220;consignas lindas para la tele&#8221; que no tienen &#8220;correlato con las cuentas&#8221; del pa\u00eds &nbsp; &nbsp; El ministro de Econom\u00eda y precandidato presidencial de Uni\u00f3n por la Patria, Sergio Massa, les habl\u00f3 a los referentes del campo y recalc\u00f3 que nunca tuvieron con \u00e9l &#8220;un enfrentamiento dogm\u00e1tico o por prejuicio&#8221;, al tiempo que cuestion\u00f3 a sus pares de la oposici\u00f3n por decir cosas &#8220;lindas para la tele sin correlato con las&#8230;<\/p>\n","protected":false},"author":3,"featured_media":105265,"comment_status":"closed","ping_status":"closed","sticky":false,"template":"","format":"standard","meta":[],"categories":[18],"tags":[],"_links":{"self":[{"href":"https:\/\/www.actualidadadiario.com\/index.php\/wp-json\/wp\/v2\/posts\/105264"}],"collection":[{"href":"https:\/\/www.actualidadadiario.com\/index.php\/wp-json\/wp\/v2\/posts"}],"about":[{"href":"https:\/\/www.actualidadadiario.com\/index.php\/wp-json\/wp\/v2\/types\/post"}],"author":[{"embeddable":true,"href":"https:\/\/www.actualidadadiario.com\/index.php\/wp-json\/wp\/v2\/users\/3"}],"replies":[{"embeddable":true,"href":"https:\/\/www.actualidadadiario.com\/index.php\/wp-json\/wp\/v2\/comments?post=105264"}],"version-history":[{"count":1,"href":"https:\/\/www.actualidadadiario.com\/index.php\/wp-json\/wp\/v2\/posts\/105264\/revisions"}],"predecessor-version":[{"id":105266,"href":"https:\/\/www.actualidadadiario.com\/index.php\/wp-json\/wp\/v2\/posts\/105264\/revisions\/105266"}],"wp:featuredmedia":[{"embeddable":true,"href":"https:\/\/www.actualidadadiario.com\/index.php\/wp-json\/wp\/v2\/media\/105265"}],"wp:attachment":[{"href":"https:\/\/www.actualidadadiario.com\/index.php\/wp-json\/wp\/v2\/media?parent=105264"}],"wp:term":[{"taxonomy":"category","embeddable":true,"href":"https:\/\/www.actualidadadiario.com\/index.php\/wp-json\/wp\/v2\/categories?post=105264"},{"taxonomy":"post_tag","embeddable":true,"href":"https:\/\/www.actualidadadiario.com\/index.php\/wp-json\/wp\/v2\/tags?post=105264"}],"curies":[{"name":"wp","href":"https:\/\/api.w.org\/{rel}","templated":true}]}}