{"id":105257,"date":"2023-07-24T14:18:33","date_gmt":"2023-07-24T17:18:33","guid":{"rendered":"https:\/\/www.actualidadadiario.com\/?p=105257"},"modified":"2023-07-24T14:18:33","modified_gmt":"2023-07-24T17:18:33","slug":"ante-el-campo-milei-prometio-unificacion-cambiaria-y-eliminacion-total-de-las-retenciones","status":"publish","type":"post","link":"https:\/\/www.actualidadadiario.com\/index.php\/2023\/07\/24\/ante-el-campo-milei-prometio-unificacion-cambiaria-y-eliminacion-total-de-las-retenciones\/","title":{"rendered":"Ante el campo, Milei prometi\u00f3 &#8220;unificaci\u00f3n cambiaria&#8221; y &#8220;eliminaci\u00f3n total de las retenciones&#8221;"},"content":{"rendered":"<p style=\"text-align: center;\"><em><strong>El precandidato a presidente por la Libertad Avanza (LLA) detall\u00f3 su propuesta para el agro en el predio de La Sociedad Rural en Palermo<\/strong><\/em><\/p>\n<p>&nbsp;<\/p>\n<p>&nbsp;<\/p>\n<p>El precandidato a presidente por la Libertad Avanza (LLA), Javier Milei, le prometi\u00f3 hoy al sector agropecuario que, en caso de ganar las elecciones, aplicar\u00e1 una &#8220;unificaci\u00f3n cambiaria&#8221; y la &#8220;eliminaci\u00f3n total de las retenciones&#8221; a las exportaciones.<\/p>\n<p>&#8220;El campo argentino es el mejor campo del mundo y vamos a trabajar para devolver la rentabilidad y vitalidad que se la ha quitado en los \u00faltimos a\u00f1os chup\u00e1ndole la sangre&#8221;, se\u00f1al\u00f3 Milei durante la exposici\u00f3n de los postulantes presidenciales en el predio de la Sociedad Rural en Palermo.<\/p>\n<p>Javier Milei que su espacio piensa en una &#8220;unificaci\u00f3n cambiaria y eliminaci\u00f3n total de las retenciones&#8221;, lo que, dijo, &#8220;implicar\u00eda triplicar los ingresos&#8221; del sector agropecuario.<\/p>\n<p>Adem\u00e1s reiter\u00f3 su propuesta de &#8220;eliminar el cepo&#8221; cambiario, al que tild\u00f3 de &#8220;inmoral&#8221;, y el Banco Central, para ir hacia una &#8220;unificaci\u00f3n cambiaria de facto&#8221;, adem\u00e1s de avanzar en la &#8220;dolarizaci\u00f3n&#8221;, que puede tomar entre &#8220;9 y 24 meses&#8221;.<\/p>\n<p>Seg\u00fan Milei, en caso de aplicarse esas medidas &#8220;la tasa de crecimiento anual compuesto del campo podr\u00eda pasar a niveles del 15%&#8221;.<\/p>\n<p>Tambi\u00e9n cuestion\u00f3 el dirigente la aplicaci\u00f3n de &#8220;parches&#8221; para los distintos tipos de d\u00f3lar y lo que llam\u00f3 &#8220;devaluaciones a dedo&#8221;, al advertir que el &#8220;precio es el del mercado&#8221;.<\/p>\n<p>Adem\u00e1s, cuestion\u00f3 la &#8220;idea nefasta de la justicia social&#8221;, que, dijo, &#8220;es injusta porque implica un robo y un trato desigual frente a la ley, y hace que en Argentina, que produce alimentos para 400 millones de seres humanos, con una presi\u00f3n fiscal sobre el campo del 70%, hay 5 millones de argentinos que no les alcanza para comer&#8221;.<\/p>\n<p>En una cr\u00edtica tanto al Gobierno como a la oposici\u00f3n, Milei se\u00f1al\u00f3 que el &#8220;actual modelo&#8221; econ\u00f3mico, &#8220;sea de buenos modales o malos modales, conduce a un desastre econ\u00f3mico&#8221;.<\/p>\n<p>&nbsp;<\/p>\n<p><strong>Javier Milei se sube a la campa\u00f1a: present\u00f3 un motor home para sus recorridas<\/strong><\/p>\n<p>Los veh\u00edculos de campa\u00f1a son un habit\u00fae de las campa\u00f1as electorales, no s\u00f3lo por la necesidad de movilizaci\u00f3n de las dirigencias hacia los actos, sino tambi\u00e9n como identidad partidaria. Este a\u00f1o se hicieron conocidas las experiencias de Martiano Molina y Malena Galmarini, abarcando todo el arco pol\u00edtico. Ahora se sum\u00f3 Javier Milei, precandidato presidencial de La Libertad Avanza para estas elecciones 2023.<\/p>\n<p>El colectivo fue presentado por primera vez a trav\u00e9s de un video en redes sociales publicado por el director de cine Santiago Or\u00eda, quien es uno de los publicistas de campa\u00f1a del referente libertario y director de la pel\u00edcula &#8220;La revoluci\u00f3n liberal&#8221;. El cineasta difundi\u00f3 la llegada del colectivo ploteado en azul con la cara de Javier Milei y la frase &#8220;Una Argentina distinta&#8221;.<\/p>\n<p>El colectivo Mercedes Benz que plote\u00f3 el precandidato presidencial correspond\u00eda al interno 12 de la L\u00ednea 67, que une Vicente L\u00f3pez con la zona Sur de la ciudad de Buenos Aires. Cumpli\u00f3 funciones desde diciembre del 2010 hasta septiembre del 2019 acerc\u00e1ndose a los diez a\u00f1os que la Comisi\u00f3n Nacional de Regulaci\u00f3n del Transporte habilita como l\u00edmite para prestar servicios de transporte p\u00fablicos. Junto a otras unidades, fue puesta en venta en abril del 2021.<\/p>\n","protected":false},"excerpt":{"rendered":"<p>El precandidato a presidente por la Libertad Avanza (LLA) detall\u00f3 su propuesta para el agro en el predio de La Sociedad Rural en Palermo &nbsp; &nbsp; El precandidato a presidente por la Libertad Avanza (LLA), Javier Milei, le prometi\u00f3 hoy al sector agropecuario que, en caso de ganar las elecciones, aplicar\u00e1 una &#8220;unificaci\u00f3n cambiaria&#8221; y la &#8220;eliminaci\u00f3n total de las retenciones&#8221; a las exportaciones. &#8220;El campo argentino es el mejor campo del mundo y vamos a trabajar para devolver la rentabilidad y vitalidad que se la ha quitado en los&#8230;<\/p>\n","protected":false},"author":3,"featured_media":105258,"comment_status":"closed","ping_status":"closed","sticky":false,"template":"","format":"standard","meta":[],"categories":[18],"tags":[],"_links":{"self":[{"href":"https:\/\/www.actualidadadiario.com\/index.php\/wp-json\/wp\/v2\/posts\/105257"}],"collection":[{"href":"https:\/\/www.actualidadadiario.com\/index.php\/wp-json\/wp\/v2\/posts"}],"about":[{"href":"https:\/\/www.actualidadadiario.com\/index.php\/wp-json\/wp\/v2\/types\/post"}],"author":[{"embeddable":true,"href":"https:\/\/www.actualidadadiario.com\/index.php\/wp-json\/wp\/v2\/users\/3"}],"replies":[{"embeddable":true,"href":"https:\/\/www.actualidadadiario.com\/index.php\/wp-json\/wp\/v2\/comments?post=105257"}],"version-history":[{"count":1,"href":"https:\/\/www.actualidadadiario.com\/index.php\/wp-json\/wp\/v2\/posts\/105257\/revisions"}],"predecessor-version":[{"id":105259,"href":"https:\/\/www.actualidadadiario.com\/index.php\/wp-json\/wp\/v2\/posts\/105257\/revisions\/105259"}],"wp:featuredmedia":[{"embeddable":true,"href":"https:\/\/www.actualidadadiario.com\/index.php\/wp-json\/wp\/v2\/media\/105258"}],"wp:attachment":[{"href":"https:\/\/www.actualidadadiario.com\/index.php\/wp-json\/wp\/v2\/media?parent=105257"}],"wp:term":[{"taxonomy":"category","embeddable":true,"href":"https:\/\/www.actualidadadiario.com\/index.php\/wp-json\/wp\/v2\/categories?post=105257"},{"taxonomy":"post_tag","embeddable":true,"href":"https:\/\/www.actualidadadiario.com\/index.php\/wp-json\/wp\/v2\/tags?post=105257"}],"curies":[{"name":"wp","href":"https:\/\/api.w.org\/{rel}","templated":true}]}}