{"id":105255,"date":"2023-07-24T13:55:28","date_gmt":"2023-07-24T16:55:28","guid":{"rendered":"https:\/\/www.actualidadadiario.com\/?p=105255"},"modified":"2023-07-24T13:55:28","modified_gmt":"2023-07-24T16:55:28","slug":"voceros-del-fmi-salieron-a-respaldar-las-medidas-anunciadas","status":"publish","type":"post","link":"https:\/\/www.actualidadadiario.com\/index.php\/2023\/07\/24\/voceros-del-fmi-salieron-a-respaldar-las-medidas-anunciadas\/","title":{"rendered":"Voceros del FMI salieron a respaldar las medidas anunciadas"},"content":{"rendered":"<p style=\"text-align: center;\"><em><strong>&#8220;Las medidas anunciadas hoy por las autoridades argentinas son positivas para fortalecer las reservas y consolidar el camino del orden fiscal&#8221;, dijo un portavoz del organismo<\/strong><\/em><\/p>\n<p>&nbsp;<\/p>\n<p>&nbsp;<\/p>\n<p>Voceros del Fondo Monetario Internacional (FMI) salieron hoy a respaldar las medidas anunciadas por el Gobierno argentino, en una jornada en la cual la cotizaci\u00f3n del d\u00f3lar se mantiene en alza.<\/p>\n<p>&#8220;Consideramos que las medidas anunciadas hoy por las autoridades argentinas son positivas para fortalecer las reservas y consolidar el camino del orden fiscal, variables fundamentales para fortalecer la estabilidad econ\u00f3mica&#8221;, se\u00f1al\u00f3 una fuente del organismo.<\/p>\n<p>El Gobierno anunci\u00f3 el domingo un nuevo paquete de medidas que contempla una nueva versi\u00f3n de d\u00f3lar para las econom\u00edas regionales, a lo que se sumar\u00eda el ma\u00edz y la generalizaci\u00f3n del Impuesto PAIS a casi todas las importaciones.<\/p>\n<p>Con ello, el Palacio de Hacienda busca asegurarse unos US$2.000 millones de los exportadores al tiempo que trata de destrabar unos US$4.000 millones en concepto de desembolsos del segundo cuatrimestre de este a\u00f1o.<\/p>\n<p>En los pr\u00f3ximos 20 d\u00edas, la Argentina tiene que enfrentar vencimientos por unos US$3.100 millones, en tanto que el Palacio de Hacienda asegura que el entendimiento del tipo &#8220;staff level agreement&#8221; se firmar\u00e1 entre este mi\u00e9rcoles y jueves.<\/p>\n","protected":false},"excerpt":{"rendered":"<p>&#8220;Las medidas anunciadas hoy por las autoridades argentinas son positivas para fortalecer las reservas y consolidar el camino del orden fiscal&#8221;, dijo un portavoz del organismo &nbsp; &nbsp; Voceros del Fondo Monetario Internacional (FMI) salieron hoy a respaldar las medidas anunciadas por el Gobierno argentino, en una jornada en la cual la cotizaci\u00f3n del d\u00f3lar se mantiene en alza. &#8220;Consideramos que las medidas anunciadas hoy por las autoridades argentinas son positivas para fortalecer las reservas y consolidar el camino del orden fiscal, variables fundamentales para fortalecer la estabilidad econ\u00f3mica&#8221;, se\u00f1al\u00f3&#8230;<\/p>\n","protected":false},"author":3,"featured_media":47595,"comment_status":"closed","ping_status":"closed","sticky":false,"template":"","format":"standard","meta":[],"categories":[18],"tags":[],"_links":{"self":[{"href":"https:\/\/www.actualidadadiario.com\/index.php\/wp-json\/wp\/v2\/posts\/105255"}],"collection":[{"href":"https:\/\/www.actualidadadiario.com\/index.php\/wp-json\/wp\/v2\/posts"}],"about":[{"href":"https:\/\/www.actualidadadiario.com\/index.php\/wp-json\/wp\/v2\/types\/post"}],"author":[{"embeddable":true,"href":"https:\/\/www.actualidadadiario.com\/index.php\/wp-json\/wp\/v2\/users\/3"}],"replies":[{"embeddable":true,"href":"https:\/\/www.actualidadadiario.com\/index.php\/wp-json\/wp\/v2\/comments?post=105255"}],"version-history":[{"count":1,"href":"https:\/\/www.actualidadadiario.com\/index.php\/wp-json\/wp\/v2\/posts\/105255\/revisions"}],"predecessor-version":[{"id":105256,"href":"https:\/\/www.actualidadadiario.com\/index.php\/wp-json\/wp\/v2\/posts\/105255\/revisions\/105256"}],"wp:featuredmedia":[{"embeddable":true,"href":"https:\/\/www.actualidadadiario.com\/index.php\/wp-json\/wp\/v2\/media\/47595"}],"wp:attachment":[{"href":"https:\/\/www.actualidadadiario.com\/index.php\/wp-json\/wp\/v2\/media?parent=105255"}],"wp:term":[{"taxonomy":"category","embeddable":true,"href":"https:\/\/www.actualidadadiario.com\/index.php\/wp-json\/wp\/v2\/categories?post=105255"},{"taxonomy":"post_tag","embeddable":true,"href":"https:\/\/www.actualidadadiario.com\/index.php\/wp-json\/wp\/v2\/tags?post=105255"}],"curies":[{"name":"wp","href":"https:\/\/api.w.org\/{rel}","templated":true}]}}