{"id":105252,"date":"2023-07-24T13:53:36","date_gmt":"2023-07-24T16:53:36","guid":{"rendered":"https:\/\/www.actualidadadiario.com\/?p=105252"},"modified":"2023-07-24T13:53:36","modified_gmt":"2023-07-24T16:53:36","slug":"la-derrota-de-de-loredo-opaco-la-foto-de-unidad-de-juntos-por-el-cambio","status":"publish","type":"post","link":"https:\/\/www.actualidadadiario.com\/index.php\/2023\/07\/24\/la-derrota-de-de-loredo-opaco-la-foto-de-unidad-de-juntos-por-el-cambio\/","title":{"rendered":"La derrota de De Loredo opac\u00f3 la foto de unidad de Juntos por el Cambio"},"content":{"rendered":"<p style=\"text-align: center;\"><em><strong>Rodeado por Horacio Rodr\u00edguez Larreta y Patricia Bullrich, el candidato a intendente de C\u00f3rdoba debi\u00f3 reconocer la inesperada derrota. &#8220;Si ayer gan\u00e1bamos iba a haber una foto m\u00e1s feliz&#8221;, expres\u00f3 el titular del PRO, Federico Angelini<\/strong><\/em><\/p>\n<p>&nbsp;<\/p>\n<p>&nbsp;<\/p>\n<p>La noche del domingo, en C\u00f3rdoba capital, la oposici\u00f3n sufri\u00f3 una inesperada derrota electoral que qued\u00f3 inmortalizada en una foto que busc\u00f3 ser de unidad. Rodeado por los dos presidenciables de Juntos por el Cambio, Horacio Rodr\u00edguez Larreta y Patricia Bullrich, el aspirante a intendente Rodrigo de Loredo debi\u00f3 reconocer la dura elecci\u00f3n que ubic\u00f3 como gran ganador al oficialista Daniel Passerini.<\/p>\n<p>En primera l\u00ednea, ubicados a escasos cent\u00edmetros detr\u00e1s de de Loredo, se encontraban ambos pre candidatos a vice radicales, por una lado Gerardo Morales y por el otro, Luis Petri; tambi\u00e9n el aspirante a la jefatura de Gobierno porte\u00f1o, Mart\u00edn Lousteau; el gobernador de Corrientes, Gustavo Vald\u00e9s, el diputado Mario Negri y el senador Alfredo Cornejo.<\/p>\n<p>A las 21:15, sin datos oficiales, pero con un esquema de mesas testigo, el candidato a intendente opositor reconoci\u00f3 la derrota desde la tarima ubicada en el bunker cordob\u00e9s. &#8220;Los hice venir al pedo, al final&#8221;, remarc\u00f3 tras los agradecimientos que incluyeron adem\u00e1s al expresidente Mauricio Macri, al tel\u00e9fono desde Europa.<\/p>\n<p>La diferencia entre ambos aspirantes a la intendencia fue de casi un 8%. El d\u00eda despu\u00e9s y con la foto de unidad en la derrota consumada, el titular del PRO Federico Angelini expres\u00f3: &#8220;Cuando uno es derrotado, lamenta esa derrota. Ten\u00edamos mucha expectativa, sab\u00edamos que iba a estar peleado. Cuando uno compite puede ganar o perder&#8221;.<\/p>\n<p>&#8220;Uno quiere ganar, ten\u00edamos un muy buen candidato, como tambi\u00e9n lo tuvimos a nivel provincial, y los cordobeses eligieron la continuidad del proyecto pol\u00edtico&#8221;, remarc\u00f3 en una entrevista que brind\u00f3 a Splendid &#8211; 990, y remarc\u00f3: &#8220;Si ayer gan\u00e1bamos iba a haber una foto m\u00e1s feliz que la que hubo, pero bueno, siempre bancando a los que compiten&#8221;.<\/p>\n<p>Desde la oposici\u00f3n, medio en broma, medio en serio, consideran que &#8220;lo peor de la derrota no es la derrota en s\u00ed sino la cara que te queda&#8221; y as\u00ed se manifestaron varios de sus referentes.<\/p>\n<p>&#8220;La verdad todo es extra\u00f1amente desconcertante. Esta cre\u00edamos tenerla f\u00e1cil, como pens\u00e1bamos perder Santa Fe&#8221;, remarcaron fuentes de la Uni\u00f3n C\u00edvica Radical.<\/p>\n<p>A pesar del trago amargo, la presidenta del PRO en uso de licencia hizo uso de la palabra a la salida del bunker de De Loredo, y asegur\u00f3 que la elecci\u00f3n provincial &#8220;no va a impactar de ninguna manera en las PASO&#8221;.<\/p>\n<p>Tras ser consultada sobre el balance del encuentro con Rodr\u00edguez Larreta, evit\u00f3 ahondar en detalles y dijo: &#8220;Vinimos a apoyar a los cordobeses y a Rodrigo&#8221;. A su t\u00e9rmino, se subi\u00f3 a una camioneta y se march\u00f3 con resquemores por haber nacionalizado una elecci\u00f3n municipal.<\/p>\n","protected":false},"excerpt":{"rendered":"<p>Rodeado por Horacio Rodr\u00edguez Larreta y Patricia Bullrich, el candidato a intendente de C\u00f3rdoba debi\u00f3 reconocer la inesperada derrota. &#8220;Si ayer gan\u00e1bamos iba a haber una foto m\u00e1s feliz&#8221;, expres\u00f3 el titular del PRO, Federico Angelini &nbsp; &nbsp; La noche del domingo, en C\u00f3rdoba capital, la oposici\u00f3n sufri\u00f3 una inesperada derrota electoral que qued\u00f3 inmortalizada en una foto que busc\u00f3 ser de unidad. Rodeado por los dos presidenciables de Juntos por el Cambio, Horacio Rodr\u00edguez Larreta y Patricia Bullrich, el aspirante a intendente Rodrigo de Loredo debi\u00f3 reconocer la dura&#8230;<\/p>\n","protected":false},"author":3,"featured_media":105253,"comment_status":"closed","ping_status":"closed","sticky":false,"template":"","format":"standard","meta":[],"categories":[18],"tags":[],"_links":{"self":[{"href":"https:\/\/www.actualidadadiario.com\/index.php\/wp-json\/wp\/v2\/posts\/105252"}],"collection":[{"href":"https:\/\/www.actualidadadiario.com\/index.php\/wp-json\/wp\/v2\/posts"}],"about":[{"href":"https:\/\/www.actualidadadiario.com\/index.php\/wp-json\/wp\/v2\/types\/post"}],"author":[{"embeddable":true,"href":"https:\/\/www.actualidadadiario.com\/index.php\/wp-json\/wp\/v2\/users\/3"}],"replies":[{"embeddable":true,"href":"https:\/\/www.actualidadadiario.com\/index.php\/wp-json\/wp\/v2\/comments?post=105252"}],"version-history":[{"count":1,"href":"https:\/\/www.actualidadadiario.com\/index.php\/wp-json\/wp\/v2\/posts\/105252\/revisions"}],"predecessor-version":[{"id":105254,"href":"https:\/\/www.actualidadadiario.com\/index.php\/wp-json\/wp\/v2\/posts\/105252\/revisions\/105254"}],"wp:featuredmedia":[{"embeddable":true,"href":"https:\/\/www.actualidadadiario.com\/index.php\/wp-json\/wp\/v2\/media\/105253"}],"wp:attachment":[{"href":"https:\/\/www.actualidadadiario.com\/index.php\/wp-json\/wp\/v2\/media?parent=105252"}],"wp:term":[{"taxonomy":"category","embeddable":true,"href":"https:\/\/www.actualidadadiario.com\/index.php\/wp-json\/wp\/v2\/categories?post=105252"},{"taxonomy":"post_tag","embeddable":true,"href":"https:\/\/www.actualidadadiario.com\/index.php\/wp-json\/wp\/v2\/tags?post=105252"}],"curies":[{"name":"wp","href":"https:\/\/api.w.org\/{rel}","templated":true}]}}