{"id":105245,"date":"2023-07-24T13:32:00","date_gmt":"2023-07-24T16:32:00","guid":{"rendered":"https:\/\/www.actualidadadiario.com\/?p=105245"},"modified":"2023-07-24T13:32:00","modified_gmt":"2023-07-24T16:32:00","slug":"el-gobierno-aporta-18-000-millones-para-financiar-a-empresas-de-colectivos-del-interior","status":"publish","type":"post","link":"https:\/\/www.actualidadadiario.com\/index.php\/2023\/07\/24\/el-gobierno-aporta-18-000-millones-para-financiar-a-empresas-de-colectivos-del-interior\/","title":{"rendered":"El Gobierno aporta $18.000 millones para financiar a empresas de colectivos del interior"},"content":{"rendered":"<p style=\"text-align: center;\"><em><strong>Ese monto se liquidar\u00e1 en dos cuotas mensuales de $9.000 millones, a abonarse en julio y agosto<\/strong><\/em><\/p>\n<p>&nbsp;<\/p>\n<p>&nbsp;<\/p>\n<p>El Gobierno destin\u00f3 $18.000 millones en compensaciones a las empresas de autotransporte de pasajeros urbanos y suburbanos del interior del pa\u00eds, para compensar los desequilibrios financieros del sector.<\/p>\n<p>Ese monto se distribuir\u00e1 en dos cuotas de $9.000 millones cada una, a abonarse en julio y agosto, seg\u00fan la Resoluci\u00f3n 423\/2023 del Ministerio de Transporte, publicada este lunes en el Bolet\u00edn Oficial.<\/p>\n<p>Se trata de la distribuci\u00f3n correspondiente al &#8220;Fondo de Compensaci\u00f3n al Transporte P\u00fablico de pasajeros por automotor urbano y suburbano del interior del pa\u00eds&#8221;, creado la Ley N\u00b0 27.467 de Presupuesto 2019, y prorrogado por la Ley N\u00b0 27.701 para el ejercicio 2023.<\/p>\n<p>Los pagos realizados en el marco de ese Fondo se practicar\u00e1n en primer lugar por un 97% del total previsto para cada per\u00edodo mensual, a mes vencido, complet\u00e1ndose el saldo del 3% restante dentro de un plazo de 30 d\u00edas corridos contados a partir del cumplimiento total del pago de las acreencias por la liquidaci\u00f3n del 97%, seg\u00fan el texto oficial.<\/p>\n<p>Transporte aclar\u00f3 que las acreencias liquidadas ser\u00e1n transferidas a la jurisdicci\u00f3n provincial y\/o municipal beneficiaria, &#8220;a fin de que \u00e9sta transfiera los fondos en forma directa a las empresas prestadoras de los servicios provinciales y municipales, salvo requerimiento en contrario efectuado por medio fehaciente a la provincia por parte de la jurisdicci\u00f3n municipal&#8221;.<\/p>\n<p>Por su parte, provincias y municipios deber\u00e1n aportar al sistema de transporte de pasajeros urbanos y suburbanos por automotor, ya sea mediante transferencias, en dinero y\/o en especie, a las empresas prestadoras, un monto igual a lo aportado por el Estado Nacional.<\/p>\n<p>La Ley N\u00b0 27.701 estableci\u00f3 la pr\u00f3rroga del Fondo de Compensaci\u00f3n por la suma de $85.000 millones, como piso a partir del cual se revisar\u00e1 el funcionamiento del sistema para actualizar el importe.<\/p>\n","protected":false},"excerpt":{"rendered":"<p>Ese monto se liquidar\u00e1 en dos cuotas mensuales de $9.000 millones, a abonarse en julio y agosto &nbsp; &nbsp; El Gobierno destin\u00f3 $18.000 millones en compensaciones a las empresas de autotransporte de pasajeros urbanos y suburbanos del interior del pa\u00eds, para compensar los desequilibrios financieros del sector. Ese monto se distribuir\u00e1 en dos cuotas de $9.000 millones cada una, a abonarse en julio y agosto, seg\u00fan la Resoluci\u00f3n 423\/2023 del Ministerio de Transporte, publicada este lunes en el Bolet\u00edn Oficial. Se trata de la distribuci\u00f3n correspondiente al &#8220;Fondo de Compensaci\u00f3n&#8230;<\/p>\n","protected":false},"author":3,"featured_media":97900,"comment_status":"closed","ping_status":"closed","sticky":false,"template":"","format":"standard","meta":[],"categories":[2],"tags":[],"_links":{"self":[{"href":"https:\/\/www.actualidadadiario.com\/index.php\/wp-json\/wp\/v2\/posts\/105245"}],"collection":[{"href":"https:\/\/www.actualidadadiario.com\/index.php\/wp-json\/wp\/v2\/posts"}],"about":[{"href":"https:\/\/www.actualidadadiario.com\/index.php\/wp-json\/wp\/v2\/types\/post"}],"author":[{"embeddable":true,"href":"https:\/\/www.actualidadadiario.com\/index.php\/wp-json\/wp\/v2\/users\/3"}],"replies":[{"embeddable":true,"href":"https:\/\/www.actualidadadiario.com\/index.php\/wp-json\/wp\/v2\/comments?post=105245"}],"version-history":[{"count":1,"href":"https:\/\/www.actualidadadiario.com\/index.php\/wp-json\/wp\/v2\/posts\/105245\/revisions"}],"predecessor-version":[{"id":105246,"href":"https:\/\/www.actualidadadiario.com\/index.php\/wp-json\/wp\/v2\/posts\/105245\/revisions\/105246"}],"wp:featuredmedia":[{"embeddable":true,"href":"https:\/\/www.actualidadadiario.com\/index.php\/wp-json\/wp\/v2\/media\/97900"}],"wp:attachment":[{"href":"https:\/\/www.actualidadadiario.com\/index.php\/wp-json\/wp\/v2\/media?parent=105245"}],"wp:term":[{"taxonomy":"category","embeddable":true,"href":"https:\/\/www.actualidadadiario.com\/index.php\/wp-json\/wp\/v2\/categories?post=105245"},{"taxonomy":"post_tag","embeddable":true,"href":"https:\/\/www.actualidadadiario.com\/index.php\/wp-json\/wp\/v2\/tags?post=105245"}],"curies":[{"name":"wp","href":"https:\/\/api.w.org\/{rel}","templated":true}]}}