{"id":105242,"date":"2023-07-24T13:31:09","date_gmt":"2023-07-24T16:31:09","guid":{"rendered":"https:\/\/www.actualidadadiario.com\/?p=105242"},"modified":"2023-07-24T13:31:09","modified_gmt":"2023-07-24T16:31:09","slug":"siguen-combatiendo-el-incendio-en-el-cerro-uritorco-y-hay-200-autoevacuados-por-humo","status":"publish","type":"post","link":"https:\/\/www.actualidadadiario.com\/index.php\/2023\/07\/24\/siguen-combatiendo-el-incendio-en-el-cerro-uritorco-y-hay-200-autoevacuados-por-humo\/","title":{"rendered":"Siguen combatiendo el incendio en el Cerro Uritorco y hay 200 autoevacuados por humo"},"content":{"rendered":"<p style=\"text-align: center;\"><em><strong>El incendio se hab\u00eda iniciado el s\u00e1bado, y aunque fue controlado r\u00e1pidamente, las condiciones clim\u00e1ticas y el intenso viento generaron que se reactivara<\/strong><\/em><\/p>\n<p>&nbsp;<\/p>\n<p>&nbsp;<\/p>\n<p>Unos 90 brigadistas continuaban combatiendo en la ma\u00f1ana del lunes el incendio forestal de considerables dimensiones que comenz\u00f3 el s\u00e1bado en el Cerro Uritorco, en cercan\u00edas a la localidad cordobesa de Capilla del Monte, y se autoevacuaron 200 personas por el humo a pesar de que &#8220;no hay riesgo latente para las viviendas&#8221;, informaron fuentes provinciales.<\/p>\n<p>&#8220;El incendio sigue activo y ha tenido mucha dificultad para trabajarlo. Es un incendio de unas laderas muy importantes, muy verticales&#8221;, indic\u00f3 esta ma\u00f1ana Claudio Vignetta, secretario de Gesti\u00f3n de Riesgo Clim\u00e1tico, Cat\u00e1strofes y Protecci\u00f3n Civil de la provincia de C\u00f3rdoba.<\/p>\n<p>&#8220;No hubo necesidad de evacuar barrios y al momento no hay lesionados. Continuamos trabajando&#8221;, precis\u00f3 el funcionario, seg\u00fan inform\u00f3 el Ministerio de Gobierno y Seguridad provincial a trav\u00e9s de su cuenta oficial de Twitter.<\/p>\n<p>Bomberos del cuartel Capilla del Monte, al norte del Valle de Punilla, segu\u00edan trabajando con la colaboraci\u00f3n de efectivos de La Falda, Villa Giardino, Cruz del Eje, Valle Hermoso y San Marcos Sierras, que tuvieron ayuda de dos aviones hidrantes.<\/p>\n<p>Esta ma\u00f1ana un avi\u00f3n se encontraba sobrevolando la zona para determinar el panorama general del incendio y diagramar la estrategia de trabajo para la jornada de hoy.<\/p>\n<p>El incendio se hab\u00eda iniciado el s\u00e1bado, y aunque fue controlado r\u00e1pidamente, las condiciones clim\u00e1ticas y el intenso viento generaron que se reactivara el domingo.<\/p>\n<p>En tanto, el subjefe de Bomberos Voluntarios de Capilla del Monte, Alexis Ochoa, precis\u00f3 que se autoevacuaron unas 200 personas de poblaciones aleda\u00f1as.<\/p>\n<p>Respecto a las causas del incendio, Ochoa precis\u00f3 que&#8221; todav\u00eda est\u00e1 en etapa de investigaci\u00f3n&#8221;, pero advirti\u00f3 que en esta \u00e9poca &#8220;suben mucha cantidad de turistas al cerro&#8221;.<\/p>\n<p>Por \u00faltimo, el bombero indic\u00f3 que, si contin\u00faan los factores clim\u00e1ticos favorables y pueden trabajar los aviones hidrantes, ser\u00eda &#8220;un gran paso para hoy&#8221; lograr controlar el incendio.<\/p>\n","protected":false},"excerpt":{"rendered":"<p>El incendio se hab\u00eda iniciado el s\u00e1bado, y aunque fue controlado r\u00e1pidamente, las condiciones clim\u00e1ticas y el intenso viento generaron que se reactivara &nbsp; &nbsp; Unos 90 brigadistas continuaban combatiendo en la ma\u00f1ana del lunes el incendio forestal de considerables dimensiones que comenz\u00f3 el s\u00e1bado en el Cerro Uritorco, en cercan\u00edas a la localidad cordobesa de Capilla del Monte, y se autoevacuaron 200 personas por el humo a pesar de que &#8220;no hay riesgo latente para las viviendas&#8221;, informaron fuentes provinciales. &#8220;El incendio sigue activo y ha tenido mucha dificultad&#8230;<\/p>\n","protected":false},"author":3,"featured_media":105243,"comment_status":"closed","ping_status":"closed","sticky":false,"template":"","format":"standard","meta":[],"categories":[2],"tags":[],"_links":{"self":[{"href":"https:\/\/www.actualidadadiario.com\/index.php\/wp-json\/wp\/v2\/posts\/105242"}],"collection":[{"href":"https:\/\/www.actualidadadiario.com\/index.php\/wp-json\/wp\/v2\/posts"}],"about":[{"href":"https:\/\/www.actualidadadiario.com\/index.php\/wp-json\/wp\/v2\/types\/post"}],"author":[{"embeddable":true,"href":"https:\/\/www.actualidadadiario.com\/index.php\/wp-json\/wp\/v2\/users\/3"}],"replies":[{"embeddable":true,"href":"https:\/\/www.actualidadadiario.com\/index.php\/wp-json\/wp\/v2\/comments?post=105242"}],"version-history":[{"count":1,"href":"https:\/\/www.actualidadadiario.com\/index.php\/wp-json\/wp\/v2\/posts\/105242\/revisions"}],"predecessor-version":[{"id":105244,"href":"https:\/\/www.actualidadadiario.com\/index.php\/wp-json\/wp\/v2\/posts\/105242\/revisions\/105244"}],"wp:featuredmedia":[{"embeddable":true,"href":"https:\/\/www.actualidadadiario.com\/index.php\/wp-json\/wp\/v2\/media\/105243"}],"wp:attachment":[{"href":"https:\/\/www.actualidadadiario.com\/index.php\/wp-json\/wp\/v2\/media?parent=105242"}],"wp:term":[{"taxonomy":"category","embeddable":true,"href":"https:\/\/www.actualidadadiario.com\/index.php\/wp-json\/wp\/v2\/categories?post=105242"},{"taxonomy":"post_tag","embeddable":true,"href":"https:\/\/www.actualidadadiario.com\/index.php\/wp-json\/wp\/v2\/tags?post=105242"}],"curies":[{"name":"wp","href":"https:\/\/api.w.org\/{rel}","templated":true}]}}