{"id":105240,"date":"2023-07-24T13:29:54","date_gmt":"2023-07-24T16:29:54","guid":{"rendered":"https:\/\/www.actualidadadiario.com\/?p=105240"},"modified":"2023-07-24T13:29:54","modified_gmt":"2023-07-24T16:29:54","slug":"oficializan-extension-del-plazo-para-la-recategorizacion-del-monotributo","status":"publish","type":"post","link":"https:\/\/www.actualidadadiario.com\/index.php\/2023\/07\/24\/oficializan-extension-del-plazo-para-la-recategorizacion-del-monotributo\/","title":{"rendered":"Oficializan extensi\u00f3n del plazo para la recategorizaci\u00f3n del monotributo"},"content":{"rendered":"<p style=\"text-align: center;\"><em><strong>El importe correspondiente a la nueva categor\u00eda se abonar\u00e1 al mes siguiente a la recategorizaci\u00f3n, detall\u00f3 la AFIP en un comunicado<\/strong><\/em><\/p>\n<p>&nbsp;<\/p>\n<p>&nbsp;<\/p>\n<p>La Administraci\u00f3n Federal de Ingresos P\u00fablicos (AFIP) formaliz\u00f3 la extensi\u00f3n hasta el jueves pr\u00f3ximo del plazo para realizar la recategorizaci\u00f3n del monotributo para el per\u00edodo correspondiente al semestre enero\/julio 2023, a trav\u00e9s de la resoluci\u00f3n general 5392\/2023 publicada hoy en el Bolet\u00edn Oficial.<\/p>\n<p>Los per\u00edodos de recategorizaci\u00f3n se llevan a cabo en enero y julio y para evaluar si corresponde, se debe tomar en cuenta la actividad de los \u00faltimos 12 meses respecto a la facturaci\u00f3n o alguno de los otros par\u00e1metros utilizados como la superficie afectada, los alquileres devengados anualmente o el consumo de energ\u00eda el\u00e9ctrica.<\/p>\n<p>El importe correspondiente a la nueva categor\u00eda se abonar\u00e1 al mes siguiente a la recategorizaci\u00f3n, detall\u00f3 la AFIP en un comunicado.<\/p>\n<p>Si no se hace el tr\u00e1mite, se entiende que no hubo cambios y se mantiene la misma categor\u00eda.<\/p>\n<p>&nbsp;<\/p>\n<p><strong>C\u00f3mo hacer la recategorizaci\u00f3n <\/strong><\/p>\n<p><strong>Pasos a seguir:<\/strong><\/p>\n<p>-Ingresar al sitio web del Monotributo.<\/p>\n<p>-Completar CUIT, clave fiscal y presionar &#8220;Aceptar&#8221;.<\/p>\n<p>-Seleccionar la opci\u00f3n &#8220;Recategorizarme&#8221;<\/p>\n<p>-Ir al apartado de &#8220;Continuar recategorizaci\u00f3n&#8221;.<\/p>\n<p>-Informar los nuevos par\u00e1metros.<\/p>\n<p>-Apretar la opci\u00f3n &#8220;Imprimir credencial&#8221;. As\u00ed, el sistema emitir\u00e1 el Formulario 184 (como comprobante de la recategorizaci\u00f3n realizada) y la nueva Credencial de Pago.<\/p>\n<p>&nbsp;<\/p>\n<p><strong>Nueva escala del monotributo desde julio de 2023<\/strong><\/p>\n<p><strong>Categor\u00eda A:<\/strong> pasar\u00e1n de $ 999.657,23 a $ 1.414.762,58<\/p>\n<p><strong>Categor\u00eda B:<\/strong> de $ 1.485.976,96 a $ 2.103.025,45<\/p>\n<p><strong>Categor\u00eda C:<\/strong> de $ 2.080.367,73 a $ 2.944.235,60<\/p>\n<p><strong>Categor\u00eda D:<\/strong> de $ 2.583.720,42 a $ 3.656.604,33;<\/p>\n<p>&nbsp;<\/p>\n<p><strong>Categor\u00eda E:<\/strong> de $ 3.042.435,05 a $ 4.305.799,15.<\/p>\n<p><strong>Categor\u00eda F:<\/strong> de $ 3.803.043,82 a $ 5.382.248,94<\/p>\n<p><strong>Categor\u00eda G:<\/strong> de $ 4.563.652,57 a $ 6.458.698,71<\/p>\n<p><strong>Categor\u00eda H:<\/strong> de $ 5.650.236,51 a $ 7.996.484,11.<\/p>\n<p><strong>Categor\u00eda I:<\/strong> pasar\u00e1 de $ 6.323.918,55 a $ 8.949.911,06<\/p>\n<p><strong>Categor\u00eda J:<\/strong> de $ 7.247.514,92 a $ 10.257.028,68<\/p>\n<p><strong>Categor\u00eda K:<\/strong> de $ 8.040.721,19 a $ 11.379.612,01.<\/p>\n","protected":false},"excerpt":{"rendered":"<p>El importe correspondiente a la nueva categor\u00eda se abonar\u00e1 al mes siguiente a la recategorizaci\u00f3n, detall\u00f3 la AFIP en un comunicado &nbsp; &nbsp; La Administraci\u00f3n Federal de Ingresos P\u00fablicos (AFIP) formaliz\u00f3 la extensi\u00f3n hasta el jueves pr\u00f3ximo del plazo para realizar la recategorizaci\u00f3n del monotributo para el per\u00edodo correspondiente al semestre enero\/julio 2023, a trav\u00e9s de la resoluci\u00f3n general 5392\/2023 publicada hoy en el Bolet\u00edn Oficial. Los per\u00edodos de recategorizaci\u00f3n se llevan a cabo en enero y julio y para evaluar si corresponde, se debe tomar en cuenta la actividad&#8230;<\/p>\n","protected":false},"author":3,"featured_media":87158,"comment_status":"closed","ping_status":"closed","sticky":false,"template":"","format":"standard","meta":[],"categories":[2],"tags":[],"_links":{"self":[{"href":"https:\/\/www.actualidadadiario.com\/index.php\/wp-json\/wp\/v2\/posts\/105240"}],"collection":[{"href":"https:\/\/www.actualidadadiario.com\/index.php\/wp-json\/wp\/v2\/posts"}],"about":[{"href":"https:\/\/www.actualidadadiario.com\/index.php\/wp-json\/wp\/v2\/types\/post"}],"author":[{"embeddable":true,"href":"https:\/\/www.actualidadadiario.com\/index.php\/wp-json\/wp\/v2\/users\/3"}],"replies":[{"embeddable":true,"href":"https:\/\/www.actualidadadiario.com\/index.php\/wp-json\/wp\/v2\/comments?post=105240"}],"version-history":[{"count":1,"href":"https:\/\/www.actualidadadiario.com\/index.php\/wp-json\/wp\/v2\/posts\/105240\/revisions"}],"predecessor-version":[{"id":105241,"href":"https:\/\/www.actualidadadiario.com\/index.php\/wp-json\/wp\/v2\/posts\/105240\/revisions\/105241"}],"wp:featuredmedia":[{"embeddable":true,"href":"https:\/\/www.actualidadadiario.com\/index.php\/wp-json\/wp\/v2\/media\/87158"}],"wp:attachment":[{"href":"https:\/\/www.actualidadadiario.com\/index.php\/wp-json\/wp\/v2\/media?parent=105240"}],"wp:term":[{"taxonomy":"category","embeddable":true,"href":"https:\/\/www.actualidadadiario.com\/index.php\/wp-json\/wp\/v2\/categories?post=105240"},{"taxonomy":"post_tag","embeddable":true,"href":"https:\/\/www.actualidadadiario.com\/index.php\/wp-json\/wp\/v2\/tags?post=105240"}],"curies":[{"name":"wp","href":"https:\/\/api.w.org\/{rel}","templated":true}]}}