{"id":105233,"date":"2023-07-24T13:28:08","date_gmt":"2023-07-24T16:28:08","guid":{"rendered":"https:\/\/www.actualidadadiario.com\/?p=105233"},"modified":"2023-07-24T13:28:18","modified_gmt":"2023-07-24T16:28:18","slug":"crecio-entre-el-3-y-el-5-por-ciento-la-venta-de-notebooks-producidas-en-el-pais","status":"publish","type":"post","link":"https:\/\/www.actualidadadiario.com\/index.php\/2023\/07\/24\/crecio-entre-el-3-y-el-5-por-ciento-la-venta-de-notebooks-producidas-en-el-pais\/","title":{"rendered":"Creci\u00f3 entre el 3 y el 5 por ciento la venta de notebooks producidas en el pa\u00eds"},"content":{"rendered":"<p style=\"text-align: center;\"><em><strong>El mercado argentino de ventas de notebooks registr\u00f3 en el primer semestre un alza de entre 3% y 5% respecto a la cantidad de equipos comercializados en igual per\u00edodo de 2022<\/strong><\/em><\/p>\n<p>&nbsp;<\/p>\n<p>&nbsp;<\/p>\n<p>Desde las empresas coinciden que el crecimiento se basa en que los productos nacionales son &#8220;competitivos&#8221; respecto del valor en d\u00f3lar con otros pa\u00edses.<\/p>\n<p>El responsable de Asus Argentina, Mat\u00edas Plaul, dijo que &#8220;en notebooks el mercado argentino se ubica en los 800.000 anuales&#8221;; mientras que el CEO de Newsan, Luis Galli, dijo que &#8220;el sector viene bien: este primer semestre del a\u00f1o est\u00e1 entre 3 y 5% por encima del primer semestre 2022, en general&#8221;.<\/p>\n<p>Para el director comercial y de marketing de Novatech, Ignacio Coco, coincidi\u00f3 en que &#8220;el crecimiento de productos nacionales se vio en el \u00faltimo semestre de 2022 y en este primer semestre de 2023 en comparativa con el mismo del a\u00f1o pasado&#8221;.<\/p>\n<p>Con una visi\u00f3n no tan optimista, Pablo Suaya, fundador de la marca Bangh\u00f3, dijo que &#8220;la demanda est\u00e1 floja&#8221; y la &#8220;oferta est\u00e1 limitada&#8221;, aun cuando la posibilidad de operar en yuanes gener\u00f3 &#8220;m\u00e1s fluidez&#8221;.<\/p>\n<p>Los precios de los productos m\u00e1s vendidos se ubican en el rango de $150.000 y $250.000.<\/p>\n","protected":false},"excerpt":{"rendered":"<p>El mercado argentino de ventas de notebooks registr\u00f3 en el primer semestre un alza de entre 3% y 5% respecto a la cantidad de equipos comercializados en igual per\u00edodo de 2022 &nbsp; &nbsp; Desde las empresas coinciden que el crecimiento se basa en que los productos nacionales son &#8220;competitivos&#8221; respecto del valor en d\u00f3lar con otros pa\u00edses. El responsable de Asus Argentina, Mat\u00edas Plaul, dijo que &#8220;en notebooks el mercado argentino se ubica en los 800.000 anuales&#8221;; mientras que el CEO de Newsan, Luis Galli, dijo que &#8220;el sector viene&#8230;<\/p>\n","protected":false},"author":3,"featured_media":105234,"comment_status":"closed","ping_status":"closed","sticky":false,"template":"","format":"standard","meta":[],"categories":[2],"tags":[],"_links":{"self":[{"href":"https:\/\/www.actualidadadiario.com\/index.php\/wp-json\/wp\/v2\/posts\/105233"}],"collection":[{"href":"https:\/\/www.actualidadadiario.com\/index.php\/wp-json\/wp\/v2\/posts"}],"about":[{"href":"https:\/\/www.actualidadadiario.com\/index.php\/wp-json\/wp\/v2\/types\/post"}],"author":[{"embeddable":true,"href":"https:\/\/www.actualidadadiario.com\/index.php\/wp-json\/wp\/v2\/users\/3"}],"replies":[{"embeddable":true,"href":"https:\/\/www.actualidadadiario.com\/index.php\/wp-json\/wp\/v2\/comments?post=105233"}],"version-history":[{"count":2,"href":"https:\/\/www.actualidadadiario.com\/index.php\/wp-json\/wp\/v2\/posts\/105233\/revisions"}],"predecessor-version":[{"id":105236,"href":"https:\/\/www.actualidadadiario.com\/index.php\/wp-json\/wp\/v2\/posts\/105233\/revisions\/105236"}],"wp:featuredmedia":[{"embeddable":true,"href":"https:\/\/www.actualidadadiario.com\/index.php\/wp-json\/wp\/v2\/media\/105234"}],"wp:attachment":[{"href":"https:\/\/www.actualidadadiario.com\/index.php\/wp-json\/wp\/v2\/media?parent=105233"}],"wp:term":[{"taxonomy":"category","embeddable":true,"href":"https:\/\/www.actualidadadiario.com\/index.php\/wp-json\/wp\/v2\/categories?post=105233"},{"taxonomy":"post_tag","embeddable":true,"href":"https:\/\/www.actualidadadiario.com\/index.php\/wp-json\/wp\/v2\/tags?post=105233"}],"curies":[{"name":"wp","href":"https:\/\/api.w.org\/{rel}","templated":true}]}}