{"id":105221,"date":"2023-07-24T12:42:47","date_gmt":"2023-07-24T15:42:47","guid":{"rendered":"https:\/\/www.actualidadadiario.com\/?p=105221"},"modified":"2023-07-24T12:42:47","modified_gmt":"2023-07-24T15:42:47","slug":"galimberti-votara-en-blanco-las-precandidaturas-nacionales-y-alerto-a-la-oposicion-por-lo-ocurrido-en-cordoba","status":"publish","type":"post","link":"https:\/\/www.actualidadadiario.com\/index.php\/2023\/07\/24\/galimberti-votara-en-blanco-las-precandidaturas-nacionales-y-alerto-a-la-oposicion-por-lo-ocurrido-en-cordoba\/","title":{"rendered":"Galimberti votar\u00e1 en blanco las precandidaturas nacionales y alert\u00f3 a la oposici\u00f3n por lo ocurrido en C\u00f3rdoba"},"content":{"rendered":"<p style=\"text-align: center;\"><em><strong>El precandidato a gobernador por Juntos por Entre R\u00edos, Pedro Galimberti, al que desde el PRO le impidieron pegar su postulaci\u00f3n con las candidaturas presidenciales, explic\u00f3 que por el destrato que sufri\u00f3 su espacio de parte de Patricia Bullrich y de Horacio Rodr\u00edguez Larreta votar\u00e1 en blanco esas categor\u00edas. Adem\u00e1s us\u00f3 lo ocurrido en la elecci\u00f3n por la municipalidad de C\u00f3rdoba para advertir: \u201cLas encuestas no ganan elecciones\u201d<\/strong><\/em><\/p>\n<p>&nbsp;<\/p>\n<p>&nbsp;<\/p>\n<p>\u201cNo tiene que cortar ni nada, tiene que votar la lista 502, de Galimberti y Ana D\u00b4Angelo\u201d, invit\u00f3 el precandidato a gobernador. En este marco aclar\u00f3 que su propuesta no tendr\u00e1 postulaciones nacionales debido a como \u201cse dieron las negociaciones\u201d.<\/p>\n<p>Desde el PRO le impidieron a Galimberti poder pegar su boleta con las precandidaturas presidenciales de Patricia Bullrich y Horacio Rodr\u00edguez Larreta, por lo que ir\u00e1 con la llamada \u201cboleta corta\u201d, solo con cargos provinciales y municipales.<\/p>\n<p>\u201cNosotros tenemos un trabajo comprometido en Juntos por Entre R\u00edos, hacia arriba se puede elegir lo que se crea conveniente\u201d, comenz\u00f3 por decir Galimberti con lo que presagiaba que estaba por desconocer las postulaciones nacionales de JXC.<\/p>\n<p>Paso seguido lo hizo: \u201cEn mi caso espec\u00edfico votar\u00e9 en blanco en las PASO lo nacional\u201d.<\/p>\n<p>De todos modos adelant\u00f3 que la postura ser\u00eda \u00fanicamente para las elecciones PASO, ya que en octubre acompa\u00f1ar\u00e1 la boleta completa de JXC.<\/p>\n<p>\u201cLa Entre R\u00edos que queremos se define ahora el 13 de agosto\u201d, remarc\u00f3, en di\u00e1logo con LT11.<\/p>\n<p>Por otro lado, se\u00f1al\u00f3 en su cuente de Twitter que la elecci\u00f3n de C\u00f3rdoba \u201cpone de manifiesto que a Juntos por el Cambio no le sobra nada\u201d. En la elecci\u00f3n por el gobierno local, el peronismo cordobecista venci\u00f3 nuevamente a la alianza opositora contra todos los pron\u00f3sticos.<\/p>\n<p>\u201cCada territorio tiene particularidades. El que no suma s\u00f3lo resta. Lo advertimos luego de la elecci\u00f3n provincial de C\u00f3rdoba. Los resultados hoy lo confirman. Las encuestas no ganan elecciones\u201d, remat\u00f3.<\/p>\n","protected":false},"excerpt":{"rendered":"<p>El precandidato a gobernador por Juntos por Entre R\u00edos, Pedro Galimberti, al que desde el PRO le impidieron pegar su postulaci\u00f3n con las candidaturas presidenciales, explic\u00f3 que por el destrato que sufri\u00f3 su espacio de parte de Patricia Bullrich y de Horacio Rodr\u00edguez Larreta votar\u00e1 en blanco esas categor\u00edas. Adem\u00e1s us\u00f3 lo ocurrido en la elecci\u00f3n por la municipalidad de C\u00f3rdoba para advertir: \u201cLas encuestas no ganan elecciones\u201d &nbsp; &nbsp; \u201cNo tiene que cortar ni nada, tiene que votar la lista 502, de Galimberti y Ana D\u00b4Angelo\u201d, invit\u00f3 el precandidato&#8230;<\/p>\n","protected":false},"author":3,"featured_media":105222,"comment_status":"closed","ping_status":"closed","sticky":false,"template":"","format":"standard","meta":[],"categories":[15],"tags":[],"_links":{"self":[{"href":"https:\/\/www.actualidadadiario.com\/index.php\/wp-json\/wp\/v2\/posts\/105221"}],"collection":[{"href":"https:\/\/www.actualidadadiario.com\/index.php\/wp-json\/wp\/v2\/posts"}],"about":[{"href":"https:\/\/www.actualidadadiario.com\/index.php\/wp-json\/wp\/v2\/types\/post"}],"author":[{"embeddable":true,"href":"https:\/\/www.actualidadadiario.com\/index.php\/wp-json\/wp\/v2\/users\/3"}],"replies":[{"embeddable":true,"href":"https:\/\/www.actualidadadiario.com\/index.php\/wp-json\/wp\/v2\/comments?post=105221"}],"version-history":[{"count":1,"href":"https:\/\/www.actualidadadiario.com\/index.php\/wp-json\/wp\/v2\/posts\/105221\/revisions"}],"predecessor-version":[{"id":105223,"href":"https:\/\/www.actualidadadiario.com\/index.php\/wp-json\/wp\/v2\/posts\/105221\/revisions\/105223"}],"wp:featuredmedia":[{"embeddable":true,"href":"https:\/\/www.actualidadadiario.com\/index.php\/wp-json\/wp\/v2\/media\/105222"}],"wp:attachment":[{"href":"https:\/\/www.actualidadadiario.com\/index.php\/wp-json\/wp\/v2\/media?parent=105221"}],"wp:term":[{"taxonomy":"category","embeddable":true,"href":"https:\/\/www.actualidadadiario.com\/index.php\/wp-json\/wp\/v2\/categories?post=105221"},{"taxonomy":"post_tag","embeddable":true,"href":"https:\/\/www.actualidadadiario.com\/index.php\/wp-json\/wp\/v2\/tags?post=105221"}],"curies":[{"name":"wp","href":"https:\/\/api.w.org\/{rel}","templated":true}]}}