{"id":105216,"date":"2023-07-24T12:40:49","date_gmt":"2023-07-24T15:40:49","guid":{"rendered":"https:\/\/www.actualidadadiario.com\/?p=105216"},"modified":"2023-07-24T12:40:49","modified_gmt":"2023-07-24T15:40:49","slug":"vuelta-a-clases-tras-las-vacaciones-de-invierno","status":"publish","type":"post","link":"https:\/\/www.actualidadadiario.com\/index.php\/2023\/07\/24\/vuelta-a-clases-tras-las-vacaciones-de-invierno\/","title":{"rendered":"Vuelta a clases tras las vacaciones de invierno"},"content":{"rendered":"<p style=\"text-align: center;\"><em><strong>Luego de los 15 d\u00edas que marca el calendario escolar como receso invernal, este lunes 24 de julio, alumnos, docentes y directivos retomaron sus actividades en los diferentes establecimientos educativos entrerrianos<\/strong><\/em><\/p>\n<p>&nbsp;<\/p>\n<p>&nbsp;<\/p>\n<p>A diferencia de otras provincias como Buenos Aires, Chaco, Chubut, Jujuy, Santa Cruz, Santa Fe, Santiago del Estero y Tierra del Fuego, que contin\u00faan el receso invernal hasta el pr\u00f3ximo lunes 31 de julio; Entre R\u00edos es una de las provincias que vuelve a clases esta semana.<\/p>\n<p>As\u00ed lo establece el calendario escolar 2023, fijado por el Consejo General de Educaci\u00f3n que marca la continuidad del mismo desde este lunes 24 de julio, para todos los niveles educativos.<\/p>\n<p>Cabe destacar que el mismo dar\u00e1 continuidad al ciclo acad\u00e9mico y se extender\u00e1 hasta el viernes 22 de diciembre.<\/p>\n","protected":false},"excerpt":{"rendered":"<p>Luego de los 15 d\u00edas que marca el calendario escolar como receso invernal, este lunes 24 de julio, alumnos, docentes y directivos retomaron sus actividades en los diferentes establecimientos educativos entrerrianos &nbsp; &nbsp; A diferencia de otras provincias como Buenos Aires, Chaco, Chubut, Jujuy, Santa Cruz, Santa Fe, Santiago del Estero y Tierra del Fuego, que contin\u00faan el receso invernal hasta el pr\u00f3ximo lunes 31 de julio; Entre R\u00edos es una de las provincias que vuelve a clases esta semana. As\u00ed lo establece el calendario escolar 2023, fijado por el&#8230;<\/p>\n","protected":false},"author":3,"featured_media":92386,"comment_status":"closed","ping_status":"closed","sticky":false,"template":"","format":"standard","meta":[],"categories":[15],"tags":[],"_links":{"self":[{"href":"https:\/\/www.actualidadadiario.com\/index.php\/wp-json\/wp\/v2\/posts\/105216"}],"collection":[{"href":"https:\/\/www.actualidadadiario.com\/index.php\/wp-json\/wp\/v2\/posts"}],"about":[{"href":"https:\/\/www.actualidadadiario.com\/index.php\/wp-json\/wp\/v2\/types\/post"}],"author":[{"embeddable":true,"href":"https:\/\/www.actualidadadiario.com\/index.php\/wp-json\/wp\/v2\/users\/3"}],"replies":[{"embeddable":true,"href":"https:\/\/www.actualidadadiario.com\/index.php\/wp-json\/wp\/v2\/comments?post=105216"}],"version-history":[{"count":1,"href":"https:\/\/www.actualidadadiario.com\/index.php\/wp-json\/wp\/v2\/posts\/105216\/revisions"}],"predecessor-version":[{"id":105217,"href":"https:\/\/www.actualidadadiario.com\/index.php\/wp-json\/wp\/v2\/posts\/105216\/revisions\/105217"}],"wp:featuredmedia":[{"embeddable":true,"href":"https:\/\/www.actualidadadiario.com\/index.php\/wp-json\/wp\/v2\/media\/92386"}],"wp:attachment":[{"href":"https:\/\/www.actualidadadiario.com\/index.php\/wp-json\/wp\/v2\/media?parent=105216"}],"wp:term":[{"taxonomy":"category","embeddable":true,"href":"https:\/\/www.actualidadadiario.com\/index.php\/wp-json\/wp\/v2\/categories?post=105216"},{"taxonomy":"post_tag","embeddable":true,"href":"https:\/\/www.actualidadadiario.com\/index.php\/wp-json\/wp\/v2\/tags?post=105216"}],"curies":[{"name":"wp","href":"https:\/\/api.w.org\/{rel}","templated":true}]}}