{"id":105209,"date":"2023-07-24T12:37:44","date_gmt":"2023-07-24T15:37:44","guid":{"rendered":"https:\/\/www.actualidadadiario.com\/?p=105209"},"modified":"2023-07-24T12:37:44","modified_gmt":"2023-07-24T15:37:44","slug":"estudiantes-de-15-provincias-volvieron-a-clases-tras-las-vacaciones-de-invierno","status":"publish","type":"post","link":"https:\/\/www.actualidadadiario.com\/index.php\/2023\/07\/24\/estudiantes-de-15-provincias-volvieron-a-clases-tras-las-vacaciones-de-invierno\/","title":{"rendered":"Estudiantes de 15 provincias volvieron a clases tras las vacaciones de invierno"},"content":{"rendered":"<p style=\"text-align: center;\"><em><strong>Se trata de los alumnos de Salta, Tucum\u00e1n, Formosa, C\u00f3rdoba, Entre R\u00edos, Corrientes, Misiones, Catamarca, La Rioja, San Juan, Mendoza, La Pampa, San Luis, Neuqu\u00e9n y R\u00edo Negro<\/strong><\/em><\/p>\n<p>&nbsp;<\/p>\n<p>&nbsp;<\/p>\n<p>Estudiantes y docentes de quince provincias del norte, centro y sur del pa\u00eds retomaban este lunes por la ma\u00f1ana las clases, tras las vacaciones de invierno, en tanto que las ocho restantes y la ciudad de Buenos Aires volver\u00e1n a las aulas la semana que viene.<\/p>\n<p>En el norte del pa\u00eds, las provincias de Salta, Tucum\u00e1n y Formosa reiniciaron este lunes las clases luego del receso invernal que dur\u00f3 dos semanas para estudiantes de todos los niveles educativos.<\/p>\n<p>Lo mismo ocurre con alumnos y alumnas de C\u00f3rdoba, Entre R\u00edos, Corrientes y Misiones que hab\u00edan iniciado las vacaciones el pasado lunes 10 de julio.<\/p>\n<p>La segunda parte del ciclo lectivo 2023 tambi\u00e9n comenz\u00f3 este lunes por la ma\u00f1ana en las provincias de Catamarca, La Rioja, San Juan, Mendoza, La Pampa y San Luis.<\/p>\n<p>Hacia la Patagonia, se reintegraban a clases el personal docente y estudiantes de Neuqu\u00e9n y R\u00edo Negro.<\/p>\n<p>El resto de los distritos (ciudad de Buenos Aires y las provincias de Buenos Aires, Santa Fe, Jujuy, Chaco, Santiago del Estero, Chubut, Santa Cruz y Tierra del Fuego) volver\u00e1n a clases el lunes pr\u00f3ximo.<\/p>\n<p>El ciclo lectivo 2023 culminar\u00e1 entre el 14 y el 26 de diciembre, de acuerdo con cada distrito.<\/p>\n","protected":false},"excerpt":{"rendered":"<p>Se trata de los alumnos de Salta, Tucum\u00e1n, Formosa, C\u00f3rdoba, Entre R\u00edos, Corrientes, Misiones, Catamarca, La Rioja, San Juan, Mendoza, La Pampa, San Luis, Neuqu\u00e9n y R\u00edo Negro &nbsp; &nbsp; Estudiantes y docentes de quince provincias del norte, centro y sur del pa\u00eds retomaban este lunes por la ma\u00f1ana las clases, tras las vacaciones de invierno, en tanto que las ocho restantes y la ciudad de Buenos Aires volver\u00e1n a las aulas la semana que viene. En el norte del pa\u00eds, las provincias de Salta, Tucum\u00e1n y Formosa reiniciaron este&#8230;<\/p>\n","protected":false},"author":3,"featured_media":80603,"comment_status":"closed","ping_status":"closed","sticky":false,"template":"","format":"standard","meta":[],"categories":[9],"tags":[],"_links":{"self":[{"href":"https:\/\/www.actualidadadiario.com\/index.php\/wp-json\/wp\/v2\/posts\/105209"}],"collection":[{"href":"https:\/\/www.actualidadadiario.com\/index.php\/wp-json\/wp\/v2\/posts"}],"about":[{"href":"https:\/\/www.actualidadadiario.com\/index.php\/wp-json\/wp\/v2\/types\/post"}],"author":[{"embeddable":true,"href":"https:\/\/www.actualidadadiario.com\/index.php\/wp-json\/wp\/v2\/users\/3"}],"replies":[{"embeddable":true,"href":"https:\/\/www.actualidadadiario.com\/index.php\/wp-json\/wp\/v2\/comments?post=105209"}],"version-history":[{"count":1,"href":"https:\/\/www.actualidadadiario.com\/index.php\/wp-json\/wp\/v2\/posts\/105209\/revisions"}],"predecessor-version":[{"id":105210,"href":"https:\/\/www.actualidadadiario.com\/index.php\/wp-json\/wp\/v2\/posts\/105209\/revisions\/105210"}],"wp:featuredmedia":[{"embeddable":true,"href":"https:\/\/www.actualidadadiario.com\/index.php\/wp-json\/wp\/v2\/media\/80603"}],"wp:attachment":[{"href":"https:\/\/www.actualidadadiario.com\/index.php\/wp-json\/wp\/v2\/media?parent=105209"}],"wp:term":[{"taxonomy":"category","embeddable":true,"href":"https:\/\/www.actualidadadiario.com\/index.php\/wp-json\/wp\/v2\/categories?post=105209"},{"taxonomy":"post_tag","embeddable":true,"href":"https:\/\/www.actualidadadiario.com\/index.php\/wp-json\/wp\/v2\/tags?post=105209"}],"curies":[{"name":"wp","href":"https:\/\/api.w.org\/{rel}","templated":true}]}}