{"id":105207,"date":"2023-07-21T14:40:22","date_gmt":"2023-07-21T17:40:22","guid":{"rendered":"https:\/\/www.actualidadadiario.com\/?p=105207"},"modified":"2023-07-21T14:40:22","modified_gmt":"2023-07-21T17:40:22","slug":"alerta-climatico-la-nasa-advierte-que-julio-sera-el-mes-mas-caluroso-en-miles-de-anos","status":"publish","type":"post","link":"https:\/\/www.actualidadadiario.com\/index.php\/2023\/07\/21\/alerta-climatico-la-nasa-advierte-que-julio-sera-el-mes-mas-caluroso-en-miles-de-anos\/","title":{"rendered":"Alerta clim\u00e1tico: la NASA advierte que julio ser\u00e1 el mes m\u00e1s caluroso en miles de a\u00f1os"},"content":{"rendered":"<p style=\"text-align: center;\"><em><strong>La NASA asegur\u00f3 que, con los r\u00e9cords diarios de temperatura, el mundo tendr\u00e1 un mes complicado a nivel clim\u00e1tico. Entre los motivos, el calentamiento en los oc\u00e9anos<\/strong><\/em><\/p>\n<p>&nbsp;<\/p>\n<p>&nbsp;<\/p>\n<p>Julio ser\u00e1 probablemente el mes m\u00e1s caluroso en &#8220;cientos, sino miles de a\u00f1os&#8221;, advirti\u00f3 este jueves el renombrado climat\u00f3logo de la NASA Gavin Schmidt durante una reuni\u00f3n informativa con periodistas. Con temperaturas r\u00e9cord en Am\u00e9rica Latina, Europa y Asia, la alerta es mundial.<\/p>\n<p>Este mes ya se rompieron varios r\u00e9cords diarios de temperatura, seg\u00fan las herramientas de monitoreo de la Uni\u00f3n Europea y de la Universidad de Maine, en Estados Unidos, que combinan datos del terreno y satelitales en modelos para generar estimaciones preliminares.<\/p>\n<p>Aunque difieren ligeramente entre s\u00ed, la tendencia del calor extremo es innegable y probablemente se reflejar\u00e1 en los informes mensuales m\u00e1s completos que publicar\u00e1n despu\u00e9s las agencias estadounidenses, dijo Schmidt en la reuni\u00f3n con la prensa.<\/p>\n<p>&#8220;Estamos observando cambios sin precedentes en todo el mundo: las olas de calor que estamos viendo en Estados Unidos, Europa y China est\u00e1n arrasando r\u00e9cords a diestra y siniestra&#8221;, a\u00f1adi\u00f3.<\/p>\n<p>Es m\u00e1s, estos efectos no pueden atribuirse \u00fanicamente al patr\u00f3n meteorol\u00f3gico del fen\u00f3meno de El Ni\u00f1o, un evento clim\u00e1tico recurrente vinculado al calentamiento del oc\u00e9ano Pac\u00edfico ecuatorial, que &#8220;realmente acab\u00f3 de aparecer&#8221;, continu\u00f3 el climat\u00f3logo.<\/p>\n<p>&nbsp;<\/p>\n<p><strong>Preocupaci\u00f3n por las consecuencias del cambio clim\u00e1tico<\/strong><\/p>\n<p>Aunque El Ni\u00f1o desempe\u00f1a un peque\u00f1o papel, el cient\u00edfico explic\u00f3: &#8220;Lo que estamos viendo es un calentamiento generalizado, pr\u00e1cticamente en todas partes, sobre todo en los oc\u00e9anos. Llevamos muchos meses registrando temperaturas r\u00e9cord en la superficie del mar, incluso fuera de los tr\u00f3picos&#8221;.<\/p>\n<p>&#8220;Prevemos que esto va a continuar, y la raz\u00f3n por la que pensamos que va a hacerlo es porque seguimos introduciendo gases de efecto invernadero en la atm\u00f3sfera&#8221;, alert\u00f3.<\/p>\n<p>&nbsp;<\/p>\n<p><strong>Alerta por calor extremo en el mundo<\/strong><\/p>\n<p>Lo que est\u00e1 sucediendo actualmente est\u00e1 aumentando las posibilidades de que tambi\u00e9n el 2023 sea el a\u00f1o m\u00e1s caluroso jam\u00e1s registrado, a lo que Schmidt asigna actualmente una &#8220;probabilidad del 50-50&#8221;, si bien aclar\u00f3 que otros cient\u00edficos la sit\u00faan en un 80%.<\/p>\n<p>&#8220;Pero anticipamos que 2024 ser\u00e1 un a\u00f1o a\u00fan m\u00e1s c\u00e1lido, porque vamos a empezar con ese evento de El Ni\u00f1o que se est\u00e1 formando ahora, y que alcanzar\u00e1 su punto m\u00e1ximo hacia finales de este a\u00f1o&#8221;, precis\u00f3.<\/p>\n<p>Las advertencias de Schmidt se producen en un momento en que el mundo se vio sacudido por incendios y graves alertas sanitarias en la \u00faltima semana, adem\u00e1s de nuevos registros r\u00e9cords de temperatura.<\/p>\n","protected":false},"excerpt":{"rendered":"<p>La NASA asegur\u00f3 que, con los r\u00e9cords diarios de temperatura, el mundo tendr\u00e1 un mes complicado a nivel clim\u00e1tico. Entre los motivos, el calentamiento en los oc\u00e9anos &nbsp; &nbsp; Julio ser\u00e1 probablemente el mes m\u00e1s caluroso en &#8220;cientos, sino miles de a\u00f1os&#8221;, advirti\u00f3 este jueves el renombrado climat\u00f3logo de la NASA Gavin Schmidt durante una reuni\u00f3n informativa con periodistas. Con temperaturas r\u00e9cord en Am\u00e9rica Latina, Europa y Asia, la alerta es mundial. Este mes ya se rompieron varios r\u00e9cords diarios de temperatura, seg\u00fan las herramientas de monitoreo de la Uni\u00f3n&#8230;<\/p>\n","protected":false},"author":3,"featured_media":101972,"comment_status":"closed","ping_status":"closed","sticky":false,"template":"","format":"standard","meta":[],"categories":[4],"tags":[],"_links":{"self":[{"href":"https:\/\/www.actualidadadiario.com\/index.php\/wp-json\/wp\/v2\/posts\/105207"}],"collection":[{"href":"https:\/\/www.actualidadadiario.com\/index.php\/wp-json\/wp\/v2\/posts"}],"about":[{"href":"https:\/\/www.actualidadadiario.com\/index.php\/wp-json\/wp\/v2\/types\/post"}],"author":[{"embeddable":true,"href":"https:\/\/www.actualidadadiario.com\/index.php\/wp-json\/wp\/v2\/users\/3"}],"replies":[{"embeddable":true,"href":"https:\/\/www.actualidadadiario.com\/index.php\/wp-json\/wp\/v2\/comments?post=105207"}],"version-history":[{"count":1,"href":"https:\/\/www.actualidadadiario.com\/index.php\/wp-json\/wp\/v2\/posts\/105207\/revisions"}],"predecessor-version":[{"id":105208,"href":"https:\/\/www.actualidadadiario.com\/index.php\/wp-json\/wp\/v2\/posts\/105207\/revisions\/105208"}],"wp:featuredmedia":[{"embeddable":true,"href":"https:\/\/www.actualidadadiario.com\/index.php\/wp-json\/wp\/v2\/media\/101972"}],"wp:attachment":[{"href":"https:\/\/www.actualidadadiario.com\/index.php\/wp-json\/wp\/v2\/media?parent=105207"}],"wp:term":[{"taxonomy":"category","embeddable":true,"href":"https:\/\/www.actualidadadiario.com\/index.php\/wp-json\/wp\/v2\/categories?post=105207"},{"taxonomy":"post_tag","embeddable":true,"href":"https:\/\/www.actualidadadiario.com\/index.php\/wp-json\/wp\/v2\/tags?post=105207"}],"curies":[{"name":"wp","href":"https:\/\/api.w.org\/{rel}","templated":true}]}}