{"id":105185,"date":"2023-07-21T14:10:53","date_gmt":"2023-07-21T17:10:53","guid":{"rendered":"https:\/\/www.actualidadadiario.com\/?p=105185"},"modified":"2023-07-21T14:10:53","modified_gmt":"2023-07-21T17:10:53","slug":"alberto-fernandez-la-derecha-siembra-desanimo-aprovechando-un-momento-del-mundo-muy-dificil","status":"publish","type":"post","link":"https:\/\/www.actualidadadiario.com\/index.php\/2023\/07\/21\/alberto-fernandez-la-derecha-siembra-desanimo-aprovechando-un-momento-del-mundo-muy-dificil\/","title":{"rendered":"Alberto Fern\u00e1ndez: &#8220;La derecha siembra des\u00e1nimo aprovechando un momento del mundo muy dif\u00edcil&#8221;"},"content":{"rendered":"<p style=\"text-align: center;\"><em><strong>De cara a las elecciones, el Presidente apunt\u00f3 contra la oposici\u00f3n y advirti\u00f3 que &#8220;hay un sector de la pol\u00edtica argentina que est\u00e1 preocupado por los intereses de algunos y no por la suerte de la patria&#8221;. Qu\u00e9 adelant\u00f3 Alberto de las negociaciones con el FMI<\/strong><\/em><\/p>\n<p>&nbsp;<\/p>\n<p>&nbsp;<\/p>\n<p>En medio de las negociaciones con el FMI, el presidente Alberto Fern\u00e1ndez manifest\u00f3 que conf\u00eda que van a poder \u201cavanzar y encontrar los acuerdos necesarios y poder seguir adelante\u201d y advirti\u00f3 de cara a las elecciones que \u201cla derecha siembra des\u00e1nimo, aprovechando un momento del mundo muy dif\u00edcil\u201d.<\/p>\n<p>En di\u00e1logo con Radio 10 el Presidente explic\u00f3 que actualmente trata de concentrarse en el Gobierno, \u201ces la mejor ayuda que puedo hacer en la campa\u00f1a porque tengo que terminar este gobierno bien en un contexto muy dif\u00edcil, pero estoy dedicado a eso&#8221;, asegur\u00f3 al tiempo que aclar\u00f3: \u201cYo sigo lo que pasa en la campa\u00f1a permanentemente porque los nuevos candidatos son ministros m\u00edos, pero estoy m\u00e1s dedicado al tema de terminar la gesti\u00f3n en lo nacional e internacional y eso demanda mucho esfuerzo\u201d.<\/p>\n<p>En ese sentido, a menos de un mes de las PASO, Alberto Fern\u00e1ndez advirti\u00f3 que \u201cla derecha siembra des\u00e1nimo aprovechando un momento del mundo muy dif\u00edcil\u201d y record\u00f3 momentos de su gesti\u00f3n: \u201cYo llegu\u00e9 al gobierno y me toc\u00f3 hacerme cargo de una deuda que fue tomada con una enorme irresponsabilidad y nos dejaba a ama\u00f1atados de cara al futuro, apenas empezamos tuvimos que enfrentar una pandemia cuando empezamos a superar los efectos se desata una guerra que rompe toda la econom\u00eda mundial, que acelera los precios internacionales, los precios de la energ\u00eda y cuando estamos superando los efectos de la guerra viene una sequ\u00eda y nos priva de 20 mil millones de d\u00f3lares cuando los necesitamos\u201d.<\/p>\n<p>\u201cEn el medio pasaron cosas muy complejas para la democracia como el intento de asesinato a la vicepresidenta Cristina (Fern\u00e1ndez de Kircher)\u201d, agreg\u00f3 el mandatario.<\/p>\n<p>Respecto a las negociaciones que lleva adelante con el Fondo Monetario Internacional el ministro de Econom\u00eda y precandidato presidencial, Sergio Massa, el Presidente consider\u00f3 que \u201cno hay ninguna negociaci\u00f3n con el Fondo que sea f\u00e1cil, f\u00e1cil es cuando se adhiere a todas las condiciones que ellos proponen y dif\u00edcil es cuando uno pretende preservar la decisi\u00f3n propia\u201d. &#8220;Yo conf\u00edo en que vamos a poder a avanzar y vamos a poder encontrar los acuerdos necesarios y seguir adelante&#8221;, asegur\u00f3.<\/p>\n<p>\u201cLa deuda maldita que nos dej\u00f3 (el expresidente Mauricio) Macri tiene un peso impresionante para la econom\u00eda argentina\u201d, consider\u00f3 el mandatario y se\u00f1al\u00f3 que \u201cesta negociaci\u00f3n con el FMI es muy compleja porque sucedi\u00f3 la sequ\u00eda que es un golpe impactante para la econom\u00eda, lo que uno ve es que hasta de hoy es que la actividad econ\u00f3mica en los sectores no agr\u00edcolas &#8220;.<\/p>\n<p>Por otro lado, respecto a las acusaciones de Massa contra la oposici\u00f3n que busca los acuerdos con el FMI, el Presidente asegur\u00f3 que comparte la misma informaci\u00f3n que el ministro y consider\u00f3 que \u201chay un sector de la pol\u00edtica argentina que est\u00e1 preocupado por los intereses de algunos y no por la suerte de la patria, hay sectores de la oposici\u00f3n que apuestan a la que la situaci\u00f3n econ\u00f3mica empeore, a que se provoque una debacle&#8221;.<\/p>\n","protected":false},"excerpt":{"rendered":"<p>De cara a las elecciones, el Presidente apunt\u00f3 contra la oposici\u00f3n y advirti\u00f3 que &#8220;hay un sector de la pol\u00edtica argentina que est\u00e1 preocupado por los intereses de algunos y no por la suerte de la patria&#8221;. Qu\u00e9 adelant\u00f3 Alberto de las negociaciones con el FMI &nbsp; &nbsp; En medio de las negociaciones con el FMI, el presidente Alberto Fern\u00e1ndez manifest\u00f3 que conf\u00eda que van a poder \u201cavanzar y encontrar los acuerdos necesarios y poder seguir adelante\u201d y advirti\u00f3 de cara a las elecciones que \u201cla derecha siembra des\u00e1nimo, aprovechando&#8230;<\/p>\n","protected":false},"author":3,"featured_media":101681,"comment_status":"closed","ping_status":"closed","sticky":false,"template":"","format":"standard","meta":[],"categories":[18],"tags":[],"_links":{"self":[{"href":"https:\/\/www.actualidadadiario.com\/index.php\/wp-json\/wp\/v2\/posts\/105185"}],"collection":[{"href":"https:\/\/www.actualidadadiario.com\/index.php\/wp-json\/wp\/v2\/posts"}],"about":[{"href":"https:\/\/www.actualidadadiario.com\/index.php\/wp-json\/wp\/v2\/types\/post"}],"author":[{"embeddable":true,"href":"https:\/\/www.actualidadadiario.com\/index.php\/wp-json\/wp\/v2\/users\/3"}],"replies":[{"embeddable":true,"href":"https:\/\/www.actualidadadiario.com\/index.php\/wp-json\/wp\/v2\/comments?post=105185"}],"version-history":[{"count":1,"href":"https:\/\/www.actualidadadiario.com\/index.php\/wp-json\/wp\/v2\/posts\/105185\/revisions"}],"predecessor-version":[{"id":105186,"href":"https:\/\/www.actualidadadiario.com\/index.php\/wp-json\/wp\/v2\/posts\/105185\/revisions\/105186"}],"wp:featuredmedia":[{"embeddable":true,"href":"https:\/\/www.actualidadadiario.com\/index.php\/wp-json\/wp\/v2\/media\/101681"}],"wp:attachment":[{"href":"https:\/\/www.actualidadadiario.com\/index.php\/wp-json\/wp\/v2\/media?parent=105185"}],"wp:term":[{"taxonomy":"category","embeddable":true,"href":"https:\/\/www.actualidadadiario.com\/index.php\/wp-json\/wp\/v2\/categories?post=105185"},{"taxonomy":"post_tag","embeddable":true,"href":"https:\/\/www.actualidadadiario.com\/index.php\/wp-json\/wp\/v2\/tags?post=105185"}],"curies":[{"name":"wp","href":"https:\/\/api.w.org\/{rel}","templated":true}]}}