{"id":105180,"date":"2023-07-21T14:09:07","date_gmt":"2023-07-21T17:09:07","guid":{"rendered":"https:\/\/www.actualidadadiario.com\/?p=105180"},"modified":"2023-07-21T14:09:07","modified_gmt":"2023-07-21T17:09:07","slug":"se-demora-la-puesta-en-marcha-del-gasoducto-nestor-kirchner","status":"publish","type":"post","link":"https:\/\/www.actualidadadiario.com\/index.php\/2023\/07\/21\/se-demora-la-puesta-en-marcha-del-gasoducto-nestor-kirchner\/","title":{"rendered":"Se demora la puesta en marcha del gasoducto N\u00e9stor Kirchner"},"content":{"rendered":"<p style=\"text-align: center;\"><em><strong>Desde ENARSA admiten que a\u00fan restan \u201cunos d\u00edas m\u00e1s\u201d para completar el proceso de llenado que permita el pleno funcionamiento<\/strong><\/em><\/p>\n<p>&nbsp;<\/p>\n<p>&nbsp;<\/p>\n<p>La puesta en marcha del gasoducto N\u00e9stor Kirchner se postergar\u00e1 por \u201cunos d\u00edas m\u00e1s\u201d dado que a\u00fan no se complet\u00f3 el proceso de llenado que permita su pleno funcionamiento. As\u00ed lo admitieron a esta agencia fuentes de ENARSA, quienes al mismo tiempo afirmaron que \u201cson los tiempos l\u00f3gicos que demandan este tipo de proceso\u201d.<\/p>\n<p>\u201cNo hay una fecha precisa porque la carga no es lineal\u201d, explicaron desde la empresa, aunque enfatizaron que el proceso \u201cviene avanzando muy bien\u201d.<\/p>\n<p>La inauguraci\u00f3n del gasoducto se realiz\u00f3 el 9 de julio con la apertura simb\u00f3lica de una v\u00e1lvula en la localidad de Tratay\u00e9n en la provincia del Neuqu\u00e9n.<\/p>\n<p>El acto desat\u00f3 una pol\u00e9mica a partir de las dudas que instalaron expertos del \u00e1rea energ\u00e9tica sobre la real puesta en marcha del ducto.<\/p>\n<p>Como respuesta a las cr\u00edticas desde ENRASA se inform\u00f3 que el proceso de llenado que permitir\u00eda la puesta en funcionamiento se completar\u00eda entre el 18 y 19 de julio.<\/p>\n<p>Sin embargo los reportes oficiales del ENARGAS muestran que a\u00fan el ducto no est\u00e1 entregando fluido al sistema. En esta primera etapa debiera aportar 11 millones de metros c\u00fabicos d\u00eda, en su conexi\u00f3n con el Neuba II, sistema que abastece a la regi\u00f3n metropolitana.<\/p>\n<p>Los ex secretarios de Energ\u00eda, Jorge Lape\u00f1a y Daniel Montamat pusieron en duda los tiempos oficiales anunciados.<\/p>\n<p>Ambos, con informaci\u00f3n que manejan desde el sector empresario consideran que los plazos previstos ser\u00e1n dif\u00edciles de cumplir.<\/p>\n<p>\u201cHasta que no lo veamos en los reportes de ENARGAS no podemos decir que est\u00e1 funcionando\u201d, se\u00f1al\u00f3 Montamat.<\/p>\n<p>Por su parte, Lape\u00f1a fue m\u00e1s duro y acus\u00f3 al gobierno de haber hecho \u201cuna inauguraci\u00f3n falsa\u201d. \u201cSe inaugur\u00f3 una pobra en forma caprichosa minti\u00e9ndole a la gente. Fue una burla; un acto pol\u00edtico\u201d, sostuvo el ex funcionario de Ra\u00fal Alfons\u00edn.<\/p>\n<p>Para Lape\u00f1a no comenzar\u00e1 a funcionar \u201cantes de fin de mes\u201d.<\/p>\n<p>El dato sobre el inicio de funcionamiento no es menor dado que el Gobierno mont\u00f3 una parte de su presupuesto energ\u00e9tico en el ahorro que supuestamente iba a generar el ducto inaugur\u00e1ndose el 20 de junio.<\/p>\n<p>En caso de arrancar en los finales de julio habr\u00e1 un\u00a0 desfasaje de al menos 40 d\u00edas.<\/p>\n","protected":false},"excerpt":{"rendered":"<p>Desde ENARSA admiten que a\u00fan restan \u201cunos d\u00edas m\u00e1s\u201d para completar el proceso de llenado que permita el pleno funcionamiento &nbsp; &nbsp; La puesta en marcha del gasoducto N\u00e9stor Kirchner se postergar\u00e1 por \u201cunos d\u00edas m\u00e1s\u201d dado que a\u00fan no se complet\u00f3 el proceso de llenado que permita su pleno funcionamiento. As\u00ed lo admitieron a esta agencia fuentes de ENARSA, quienes al mismo tiempo afirmaron que \u201cson los tiempos l\u00f3gicos que demandan este tipo de proceso\u201d. \u201cNo hay una fecha precisa porque la carga no es lineal\u201d, explicaron desde la&#8230;<\/p>\n","protected":false},"author":3,"featured_media":105181,"comment_status":"closed","ping_status":"closed","sticky":false,"template":"","format":"standard","meta":[],"categories":[18],"tags":[],"_links":{"self":[{"href":"https:\/\/www.actualidadadiario.com\/index.php\/wp-json\/wp\/v2\/posts\/105180"}],"collection":[{"href":"https:\/\/www.actualidadadiario.com\/index.php\/wp-json\/wp\/v2\/posts"}],"about":[{"href":"https:\/\/www.actualidadadiario.com\/index.php\/wp-json\/wp\/v2\/types\/post"}],"author":[{"embeddable":true,"href":"https:\/\/www.actualidadadiario.com\/index.php\/wp-json\/wp\/v2\/users\/3"}],"replies":[{"embeddable":true,"href":"https:\/\/www.actualidadadiario.com\/index.php\/wp-json\/wp\/v2\/comments?post=105180"}],"version-history":[{"count":1,"href":"https:\/\/www.actualidadadiario.com\/index.php\/wp-json\/wp\/v2\/posts\/105180\/revisions"}],"predecessor-version":[{"id":105182,"href":"https:\/\/www.actualidadadiario.com\/index.php\/wp-json\/wp\/v2\/posts\/105180\/revisions\/105182"}],"wp:featuredmedia":[{"embeddable":true,"href":"https:\/\/www.actualidadadiario.com\/index.php\/wp-json\/wp\/v2\/media\/105181"}],"wp:attachment":[{"href":"https:\/\/www.actualidadadiario.com\/index.php\/wp-json\/wp\/v2\/media?parent=105180"}],"wp:term":[{"taxonomy":"category","embeddable":true,"href":"https:\/\/www.actualidadadiario.com\/index.php\/wp-json\/wp\/v2\/categories?post=105180"},{"taxonomy":"post_tag","embeddable":true,"href":"https:\/\/www.actualidadadiario.com\/index.php\/wp-json\/wp\/v2\/tags?post=105180"}],"curies":[{"name":"wp","href":"https:\/\/api.w.org\/{rel}","templated":true}]}}