{"id":105177,"date":"2023-07-21T14:08:24","date_gmt":"2023-07-21T17:08:24","guid":{"rendered":"https:\/\/www.actualidadadiario.com\/?p=105177"},"modified":"2023-07-21T14:08:24","modified_gmt":"2023-07-21T17:08:24","slug":"milei-cargo-de-nuevo-contra-jxc-el-unico-que-no-me-defraudo-es-mauricio-macri","status":"publish","type":"post","link":"https:\/\/www.actualidadadiario.com\/index.php\/2023\/07\/21\/milei-cargo-de-nuevo-contra-jxc-el-unico-que-no-me-defraudo-es-mauricio-macri\/","title":{"rendered":"Milei carg\u00f3 de nuevo contra JxC: &#8220;El \u00fanico que no me defraud\u00f3 es Mauricio Macri&#8221;"},"content":{"rendered":"<p style=\"text-align: center;\"><em><strong>&#8220;La ambici\u00f3n de poder de Patricia Bullrich la hicieron violar l\u00edmites escenciales&#8221;, agreg\u00f3. El candidato presidencial de La Libertad Avanza apunt\u00f3 a la titular del PRO y al actual jefe de Gobierno porte\u00f1o, Horacio Rodr\u00edguez Larreta, por supuestas operaciones en medio de la campa\u00f1a<\/strong><\/em><\/p>\n<p>&nbsp;<\/p>\n<p>&nbsp;<\/p>\n<p>El candidato presidencial de La Libertad Avanza en estas Elecciones 2023, Javier Milei, asegur\u00f3 este jueves que el \u00fanico pol\u00edtico &#8220;que no me defraud\u00f3 es Mauricio Macri&#8221; y se calific\u00f3 como una v\u00edctima de operaciones de prensa realizadas por los precandidatos de Juntos por el Cambio, Horacio Rodr\u00edguez Larreta y Patricia Bullrich.<\/p>\n<p>Cuando el diputado Milei fue consultado sobre la figura de Patricia Bullrich, en di\u00e1logo con A24, el libertario dijo que &#8220;no la rescata&#8221; y, en su lugar, destac\u00f3 al expresidente de la Naci\u00f3n. &#8220;De Juntos por el Cambio, el \u00fanico que no me defraud\u00f3 fue Macri. Desafortunadamente parece que la ambici\u00f3n de poder de Bullrich la ha hecho violar l\u00edneas que jam\u00e1s me imagin\u00e9 que iba a hacer algo as\u00ed&#8221;, expres\u00f3.<\/p>\n<p>El economista libertario revel\u00f3 una &#8220;operaci\u00f3n&#8221; directa de la titular del PRO hacia su figura en plena campa\u00f1a electoral: &#8220;De todas las operaciones de las que he sido v\u00edctima en el \u00faltimo mes est\u00e1 involucrada la se\u00f1ora Bullrich. Por ejemplo, nosotros hacemos caminatas sorpresas porque queremos reacciones espont\u00e1neas. Su candidata a concejal por Tigre es la que me vino a escrachar. Entonces, me hicieron inteligencia y me plantaron a una mujer para que venga y me escrache&#8221;.<\/p>\n<p>En el episodio referido por Milei una supuesta exintegrante de su partido se acerc\u00f3 a una recorrida electoral y lo increp\u00f3 por el armado de listas en Tigre. &#8220;Primero sacaron a la n\u00famero 2 para poner a una persona que puso la P\u00edparo, otras personas para trabajar con Massa. \u00bfPor qu\u00e9 no nos cuentan chicos?&#8221;, denunci\u00f3 la transe\u00fante.<\/p>\n<p>En la misma l\u00ednea, se refiri\u00f3 a dos sucesos en particular: las acusaciones por la venta de candidaturas dentro de su espacio pol\u00edtico y el supuesto escrache que sufri\u00f3 el martes pasado durante el homenaje por el aniversario del atentado a la AMIA: &#8220;Nadie pudo demostrar nada y que las acusaciones son falsas&#8221;.<\/p>\n<p>El economista tambi\u00e9n respondi\u00f3 en redes un comentario de un periodista y rechaz\u00f3 la idea que se haya asociado con otro espacio para perjudicar a Patricia Bullrich en la interna de JxC. Fue a ra\u00edz de ese comentario que un usuario de Twitter le cuestion\u00f3: \u201cFlaco si le segu\u00eds pegando a la Bullrich te juro que lo voto al pelado Larreta en un posible ballotaje, deja de romper las pel&#8230; bastante que nos tiran de todos lados los medios al final Bullrich est\u00e1 sola es la \u00fanica que levanta la bandera del cambio (sic)\u201d.<\/p>\n<p>El dirigente de La Libertad Avanza no dej\u00f3 pasar ese mensaje. \u201cSi no me hubieran salido a operar con mentiras, calumnias e injurias para mejorar sus chances en la interna no dir\u00eda nada&#8230;\u201d, lanz\u00f3. Seg\u00fan public\u00f3 el medio La Naci\u00f3n, desde el entorno de Milei ratificaron las acusaciones. \u201cEn las denuncias de las \u00faltimas semanas, desde el espacio se considera que estuvo la mano de Patricia Bullrich\u201d, dijeron a ese medio.<\/p>\n","protected":false},"excerpt":{"rendered":"<p>&#8220;La ambici\u00f3n de poder de Patricia Bullrich la hicieron violar l\u00edmites escenciales&#8221;, agreg\u00f3. El candidato presidencial de La Libertad Avanza apunt\u00f3 a la titular del PRO y al actual jefe de Gobierno porte\u00f1o, Horacio Rodr\u00edguez Larreta, por supuestas operaciones en medio de la campa\u00f1a &nbsp; &nbsp; El candidato presidencial de La Libertad Avanza en estas Elecciones 2023, Javier Milei, asegur\u00f3 este jueves que el \u00fanico pol\u00edtico &#8220;que no me defraud\u00f3 es Mauricio Macri&#8221; y se calific\u00f3 como una v\u00edctima de operaciones de prensa realizadas por los precandidatos de Juntos por&#8230;<\/p>\n","protected":false},"author":3,"featured_media":105178,"comment_status":"closed","ping_status":"closed","sticky":false,"template":"","format":"standard","meta":[],"categories":[18],"tags":[],"_links":{"self":[{"href":"https:\/\/www.actualidadadiario.com\/index.php\/wp-json\/wp\/v2\/posts\/105177"}],"collection":[{"href":"https:\/\/www.actualidadadiario.com\/index.php\/wp-json\/wp\/v2\/posts"}],"about":[{"href":"https:\/\/www.actualidadadiario.com\/index.php\/wp-json\/wp\/v2\/types\/post"}],"author":[{"embeddable":true,"href":"https:\/\/www.actualidadadiario.com\/index.php\/wp-json\/wp\/v2\/users\/3"}],"replies":[{"embeddable":true,"href":"https:\/\/www.actualidadadiario.com\/index.php\/wp-json\/wp\/v2\/comments?post=105177"}],"version-history":[{"count":1,"href":"https:\/\/www.actualidadadiario.com\/index.php\/wp-json\/wp\/v2\/posts\/105177\/revisions"}],"predecessor-version":[{"id":105179,"href":"https:\/\/www.actualidadadiario.com\/index.php\/wp-json\/wp\/v2\/posts\/105177\/revisions\/105179"}],"wp:featuredmedia":[{"embeddable":true,"href":"https:\/\/www.actualidadadiario.com\/index.php\/wp-json\/wp\/v2\/media\/105178"}],"wp:attachment":[{"href":"https:\/\/www.actualidadadiario.com\/index.php\/wp-json\/wp\/v2\/media?parent=105177"}],"wp:term":[{"taxonomy":"category","embeddable":true,"href":"https:\/\/www.actualidadadiario.com\/index.php\/wp-json\/wp\/v2\/categories?post=105177"},{"taxonomy":"post_tag","embeddable":true,"href":"https:\/\/www.actualidadadiario.com\/index.php\/wp-json\/wp\/v2\/tags?post=105177"}],"curies":[{"name":"wp","href":"https:\/\/api.w.org\/{rel}","templated":true}]}}