{"id":105165,"date":"2023-07-21T13:27:30","date_gmt":"2023-07-21T16:27:30","guid":{"rendered":"https:\/\/www.actualidadadiario.com\/?p=105165"},"modified":"2023-07-21T13:27:30","modified_gmt":"2023-07-21T16:27:30","slug":"por-la-sequia-declaran-la-emergencia-agropecuaria-en-tucuman","status":"publish","type":"post","link":"https:\/\/www.actualidadadiario.com\/index.php\/2023\/07\/21\/por-la-sequia-declaran-la-emergencia-agropecuaria-en-tucuman\/","title":{"rendered":"Por la sequ\u00eda, declaran la emergencia agropecuaria en Tucum\u00e1n"},"content":{"rendered":"<p style=\"text-align: center;\"><em><strong>As\u00ed lo dispuso el Ministerio de Econom\u00eda. La declaraci\u00f3n se extiende hasta marzo del a\u00f1o que viene<\/strong><\/em><\/p>\n<p>&nbsp;<\/p>\n<p>&nbsp;<\/p>\n<p>El Ministerio de Econom\u00eda declar\u00f3 el estado de emergencia y\/o desastre agropecuario en Tucum\u00e1n, a ra\u00edz del impacto de la sequ\u00eda en casi todo el territorio de esa provincia.<\/p>\n<p>La decisi\u00f3n se formaliz\u00f3 por medio de la Resoluci\u00f3n 1027\/2023, publicada este viernes en el Bolet\u00edn Oficial, con vigencia entre el 23 de marzo de 2023 y hasta el 23 de marzo de 2024.<\/p>\n<p>La medida abarca a las explotaciones de soja, ma\u00edz, poroto, sorgo, ca\u00f1a de az\u00facar, citrus, palta y actividad ganadera en su conjunto afectadas por sequ\u00eda en todo el territorio de la provincia, excepto en el departamento de Taf\u00ed del Valle.<\/p>\n<p>El Palacio de Hacienda determin\u00f3 que el 23 de marzo de 2024 es la fecha de finalizaci\u00f3n del ciclo productivo para las explotaciones agropecuarias afectadas, y dispuso que a los efectos de poder acogerse a los beneficios de la Ley N\u00b0 26.509 (de emergencia agropecuaria) los productores afectados deber\u00e1n presentar certificado extendido por la autoridad competente de la provincia.<\/p>\n<p>Por su parte, el Gobierno provincial remitir\u00e1 a la Comisi\u00f3n Nacional de Emergencias y Desastres Agropecuarios el listado de los productores, acompa\u00f1ando copia del certificado de emergencia emitido por la autoridad competente.<\/p>\n<p>En tanto, las instituciones bancarias nacionales, oficiales o mixtas y la AFIP arbitrar\u00e1n los medios necesarios para que los productores gocen de los beneficios de la Ley, de acuerdo con el texto oficial.<\/p>\n<p>El Gobierno tucumano hab\u00eda solicitado en abril \u00faltimo al Gobierno nacional la declaraci\u00f3n del estado de emergencia y\/o desastre agropecuario en esa provincia.<\/p>\n","protected":false},"excerpt":{"rendered":"<p>As\u00ed lo dispuso el Ministerio de Econom\u00eda. La declaraci\u00f3n se extiende hasta marzo del a\u00f1o que viene &nbsp; &nbsp; El Ministerio de Econom\u00eda declar\u00f3 el estado de emergencia y\/o desastre agropecuario en Tucum\u00e1n, a ra\u00edz del impacto de la sequ\u00eda en casi todo el territorio de esa provincia. La decisi\u00f3n se formaliz\u00f3 por medio de la Resoluci\u00f3n 1027\/2023, publicada este viernes en el Bolet\u00edn Oficial, con vigencia entre el 23 de marzo de 2023 y hasta el 23 de marzo de 2024. La medida abarca a las explotaciones de soja,&#8230;<\/p>\n","protected":false},"author":3,"featured_media":99186,"comment_status":"closed","ping_status":"closed","sticky":false,"template":"","format":"standard","meta":[],"categories":[2],"tags":[],"_links":{"self":[{"href":"https:\/\/www.actualidadadiario.com\/index.php\/wp-json\/wp\/v2\/posts\/105165"}],"collection":[{"href":"https:\/\/www.actualidadadiario.com\/index.php\/wp-json\/wp\/v2\/posts"}],"about":[{"href":"https:\/\/www.actualidadadiario.com\/index.php\/wp-json\/wp\/v2\/types\/post"}],"author":[{"embeddable":true,"href":"https:\/\/www.actualidadadiario.com\/index.php\/wp-json\/wp\/v2\/users\/3"}],"replies":[{"embeddable":true,"href":"https:\/\/www.actualidadadiario.com\/index.php\/wp-json\/wp\/v2\/comments?post=105165"}],"version-history":[{"count":1,"href":"https:\/\/www.actualidadadiario.com\/index.php\/wp-json\/wp\/v2\/posts\/105165\/revisions"}],"predecessor-version":[{"id":105166,"href":"https:\/\/www.actualidadadiario.com\/index.php\/wp-json\/wp\/v2\/posts\/105165\/revisions\/105166"}],"wp:featuredmedia":[{"embeddable":true,"href":"https:\/\/www.actualidadadiario.com\/index.php\/wp-json\/wp\/v2\/media\/99186"}],"wp:attachment":[{"href":"https:\/\/www.actualidadadiario.com\/index.php\/wp-json\/wp\/v2\/media?parent=105165"}],"wp:term":[{"taxonomy":"category","embeddable":true,"href":"https:\/\/www.actualidadadiario.com\/index.php\/wp-json\/wp\/v2\/categories?post=105165"},{"taxonomy":"post_tag","embeddable":true,"href":"https:\/\/www.actualidadadiario.com\/index.php\/wp-json\/wp\/v2\/tags?post=105165"}],"curies":[{"name":"wp","href":"https:\/\/api.w.org\/{rel}","templated":true}]}}