{"id":105154,"date":"2023-07-21T12:26:29","date_gmt":"2023-07-21T15:26:29","guid":{"rendered":"https:\/\/www.actualidadadiario.com\/?p=105154"},"modified":"2023-07-21T12:26:29","modified_gmt":"2023-07-21T15:26:29","slug":"crece-la-preocupacion-luisina-sigue-desaparecida-y-liberaron-al-unico-detenido","status":"publish","type":"post","link":"https:\/\/www.actualidadadiario.com\/index.php\/2023\/07\/21\/crece-la-preocupacion-luisina-sigue-desaparecida-y-liberaron-al-unico-detenido\/","title":{"rendered":"Crece la preocupaci\u00f3n: Luisina sigue desaparecida y liberaron al \u00fanico detenido"},"content":{"rendered":"<p style=\"text-align: center;\"><em><strong>El \u00fanico detenido por la desaparici\u00f3n de Luisina Leoncino qued\u00f3 en libertad porque no se le pudo probar ning\u00fan tipo de participaci\u00f3n en la ausencia de la joven<\/strong><\/em><\/p>\n<p>&nbsp;<\/p>\n<p>&nbsp;<\/p>\n<p>Las pistas parecen perderse luego de que se llega a una informaci\u00f3n que se investiga y resulta \u201chueca\u201d, revel\u00f3 uno de los investigadores.<\/p>\n<p>\u201cSecuestramos una camioneta Renault Kangoo, pues hab\u00eda un dato que dec\u00eda que el due\u00f1o sol\u00eda estar en compa\u00f1\u00eda de Luisina. Se est\u00e1n sometiendo a estudios a ver si se encuentra algo, pero al due\u00f1o no lo pudimos ubicar, parece que est\u00e1 de vacaciones\u201d, dijo la fuente policial tras ser consultado respecto a cu\u00e1les han sido las \u00faltimas intervenciones de este caso.<\/p>\n<p>\u00abNosotros tenemos conocimiento del territorio, pero este tipo de casos no son iguales a la b\u00fasqueda de cosas robadas, sino que son m\u00e1s complejos y, por eso, desde Paran\u00e1 enviaron un equipo de gente especializada en Trata de Personas, Inteligencia Criminal y un sabueso de Homicidios; ellos tienen experiencia espec\u00edfica en este tipo de casos y est\u00e1n trabajando en coordinaci\u00f3n con nosotros\u00bb, manifest\u00f3 la fuente al ser consultada sobre qui\u00e9nes estaban a cargo de la investigaci\u00f3n. \u00abLa verdad es que hay poco, parece que a esta chica se la ha tragado la tierra\u00bb, opin\u00f3 el veterano Polic\u00eda.<\/p>\n<p>La joven tiene 24 a\u00f1os y es hermana de Valeria Leoncino, v\u00edctima de femicidio en marzo de este a\u00f1o. En el marco de la investigaci\u00f3n, se realiz\u00f3 un allanamiento y se detuvo a una persona, que fue la \u00faltima que tuvo contacto con ella a trav\u00e9s de las redes sociales.<\/p>\n<p>\u00abJam\u00e1s se hubiera ido por sus dos chiquitos, no se hubiera ido por su voluntad\u00bb, dijo una de las personas que asisti\u00f3 a la manifestaci\u00f3n en Tribunales.<\/p>\n<p>Luisina tiene 24 a\u00f1os, de estatura media de 1.58 metros aproximadamente, pelo casta\u00f1o claro, tez blanca y ojos marrones. Se desconoce qu\u00e9 ropa llevaba puesta al momento de su desaparici\u00f3n. Adem\u00e1s, tiene tres tatuajes: unas patitas en su brazo izquierdo; en cada brazo tiene los nombres de Mateo y Lorenzo; y debajo del cuello tiene un infinito con dos nombres.<\/p>\n<p>Por cualquier informaci\u00f3n, comunicarse con la comisar\u00eda o dependencia policial m\u00e1s cercana.<\/p>\n","protected":false},"excerpt":{"rendered":"<p>El \u00fanico detenido por la desaparici\u00f3n de Luisina Leoncino qued\u00f3 en libertad porque no se le pudo probar ning\u00fan tipo de participaci\u00f3n en la ausencia de la joven &nbsp; &nbsp; Las pistas parecen perderse luego de que se llega a una informaci\u00f3n que se investiga y resulta \u201chueca\u201d, revel\u00f3 uno de los investigadores. \u201cSecuestramos una camioneta Renault Kangoo, pues hab\u00eda un dato que dec\u00eda que el due\u00f1o sol\u00eda estar en compa\u00f1\u00eda de Luisina. Se est\u00e1n sometiendo a estudios a ver si se encuentra algo, pero al due\u00f1o no lo pudimos&#8230;<\/p>\n","protected":false},"author":3,"featured_media":104940,"comment_status":"closed","ping_status":"closed","sticky":false,"template":"","format":"standard","meta":[],"categories":[9,15],"tags":[],"_links":{"self":[{"href":"https:\/\/www.actualidadadiario.com\/index.php\/wp-json\/wp\/v2\/posts\/105154"}],"collection":[{"href":"https:\/\/www.actualidadadiario.com\/index.php\/wp-json\/wp\/v2\/posts"}],"about":[{"href":"https:\/\/www.actualidadadiario.com\/index.php\/wp-json\/wp\/v2\/types\/post"}],"author":[{"embeddable":true,"href":"https:\/\/www.actualidadadiario.com\/index.php\/wp-json\/wp\/v2\/users\/3"}],"replies":[{"embeddable":true,"href":"https:\/\/www.actualidadadiario.com\/index.php\/wp-json\/wp\/v2\/comments?post=105154"}],"version-history":[{"count":1,"href":"https:\/\/www.actualidadadiario.com\/index.php\/wp-json\/wp\/v2\/posts\/105154\/revisions"}],"predecessor-version":[{"id":105155,"href":"https:\/\/www.actualidadadiario.com\/index.php\/wp-json\/wp\/v2\/posts\/105154\/revisions\/105155"}],"wp:featuredmedia":[{"embeddable":true,"href":"https:\/\/www.actualidadadiario.com\/index.php\/wp-json\/wp\/v2\/media\/104940"}],"wp:attachment":[{"href":"https:\/\/www.actualidadadiario.com\/index.php\/wp-json\/wp\/v2\/media?parent=105154"}],"wp:term":[{"taxonomy":"category","embeddable":true,"href":"https:\/\/www.actualidadadiario.com\/index.php\/wp-json\/wp\/v2\/categories?post=105154"},{"taxonomy":"post_tag","embeddable":true,"href":"https:\/\/www.actualidadadiario.com\/index.php\/wp-json\/wp\/v2\/tags?post=105154"}],"curies":[{"name":"wp","href":"https:\/\/api.w.org\/{rel}","templated":true}]}}