{"id":105148,"date":"2023-07-21T12:24:53","date_gmt":"2023-07-21T15:24:53","guid":{"rendered":"https:\/\/www.actualidadadiario.com\/?p=105148"},"modified":"2023-07-21T12:24:53","modified_gmt":"2023-07-21T15:24:53","slug":"hay-alerta-por-fuertes-vientos-para-el-centro-y-oeste-de-entre-rios","status":"publish","type":"post","link":"https:\/\/www.actualidadadiario.com\/index.php\/2023\/07\/21\/hay-alerta-por-fuertes-vientos-para-el-centro-y-oeste-de-entre-rios\/","title":{"rendered":"Hay alerta por fuertes vientos para el centro y oeste de Entre R\u00edos"},"content":{"rendered":"<p style=\"text-align: center;\"><em><strong>El Servicio Meteorol\u00f3gico Nacional (SMN) emiti\u00f3 un alerta para el s\u00e1bado por fuertes vientos del sector norte para la zona centro y oeste de la provincia<\/strong><\/em><\/p>\n<p>&nbsp;<\/p>\n<p>&nbsp;<\/p>\n<p>El aviso rige para los departamentos Diamante, Paran\u00e1, La Paz, Nogoy\u00e1 y Villaguay. El \u00e1rea ser\u00e1 afectada por vientos del sector norte, con velocidades entre 40 y 50 km\/h y r\u00e1fagas de hasta 80 km\/h, indic\u00f3 el SMN.<\/p>\n","protected":false},"excerpt":{"rendered":"<p>El Servicio Meteorol\u00f3gico Nacional (SMN) emiti\u00f3 un alerta para el s\u00e1bado por fuertes vientos del sector norte para la zona centro y oeste de la provincia &nbsp; &nbsp; El aviso rige para los departamentos Diamante, Paran\u00e1, La Paz, Nogoy\u00e1 y Villaguay. El \u00e1rea ser\u00e1 afectada por vientos del sector norte, con velocidades entre 40 y 50 km\/h y r\u00e1fagas de hasta 80 km\/h, indic\u00f3 el SMN.<\/p>\n","protected":false},"author":3,"featured_media":105149,"comment_status":"closed","ping_status":"closed","sticky":false,"template":"","format":"standard","meta":[],"categories":[15],"tags":[],"_links":{"self":[{"href":"https:\/\/www.actualidadadiario.com\/index.php\/wp-json\/wp\/v2\/posts\/105148"}],"collection":[{"href":"https:\/\/www.actualidadadiario.com\/index.php\/wp-json\/wp\/v2\/posts"}],"about":[{"href":"https:\/\/www.actualidadadiario.com\/index.php\/wp-json\/wp\/v2\/types\/post"}],"author":[{"embeddable":true,"href":"https:\/\/www.actualidadadiario.com\/index.php\/wp-json\/wp\/v2\/users\/3"}],"replies":[{"embeddable":true,"href":"https:\/\/www.actualidadadiario.com\/index.php\/wp-json\/wp\/v2\/comments?post=105148"}],"version-history":[{"count":1,"href":"https:\/\/www.actualidadadiario.com\/index.php\/wp-json\/wp\/v2\/posts\/105148\/revisions"}],"predecessor-version":[{"id":105150,"href":"https:\/\/www.actualidadadiario.com\/index.php\/wp-json\/wp\/v2\/posts\/105148\/revisions\/105150"}],"wp:featuredmedia":[{"embeddable":true,"href":"https:\/\/www.actualidadadiario.com\/index.php\/wp-json\/wp\/v2\/media\/105149"}],"wp:attachment":[{"href":"https:\/\/www.actualidadadiario.com\/index.php\/wp-json\/wp\/v2\/media?parent=105148"}],"wp:term":[{"taxonomy":"category","embeddable":true,"href":"https:\/\/www.actualidadadiario.com\/index.php\/wp-json\/wp\/v2\/categories?post=105148"},{"taxonomy":"post_tag","embeddable":true,"href":"https:\/\/www.actualidadadiario.com\/index.php\/wp-json\/wp\/v2\/tags?post=105148"}],"curies":[{"name":"wp","href":"https:\/\/api.w.org\/{rel}","templated":true}]}}