{"id":105125,"date":"2023-07-20T15:52:01","date_gmt":"2023-07-20T18:52:01","guid":{"rendered":"https:\/\/www.actualidadadiario.com\/?p=105125"},"modified":"2023-07-20T15:52:01","modified_gmt":"2023-07-20T18:52:01","slug":"irak-expulsa-a-embajadora-sueca-tras-polemica-por-el-coran","status":"publish","type":"post","link":"https:\/\/www.actualidadadiario.com\/index.php\/2023\/07\/20\/irak-expulsa-a-embajadora-sueca-tras-polemica-por-el-coran\/","title":{"rendered":"Irak expulsa a embajadora sueca tras pol\u00e9mica por el Cor\u00e1n"},"content":{"rendered":"<p style=\"text-align: center;\"><em><strong>Bagdad conden\u00f3 que autorizara Estocolmo un acto donde un refugiado pretend\u00eda quemar el libro sagrado del islam. Una protesta desatada por lo mismo termin\u00f3 con la embajada sueca incendiada<\/strong><\/em><\/p>\n<p>&nbsp;<\/p>\n<p>&nbsp;<\/p>\n<p>El gobierno de Irak sali\u00f3 este jueves a su encargado de negocios en Suecia y pidi\u00f3 a la embajadora del pa\u00eds europeo abandonar Bagdad, en protesta por el uso del Cor\u00e1n en diversas manifestaciones en Estocolmo. No se aclar\u00f3 en qu\u00e9 nivel quedar\u00e1n las relaciones entre ambos estados, pero Irak observ\u00f3 que romper\u00e1 v\u00ednculos &#8220;si se quema el Cor\u00e1n de nuevo&#8221; en territorio sueco.<\/p>\n<p>&#8220;El primer ministro Mohamed Shia al Sudani seguramente al Ministerio de Exteriores retirar\u00e1 al Encargado de Negocios iraqu\u00edes de la embajada de la Rep\u00fablica de Irak en la capital sueca, Estocolmo&#8221;, detall\u00f3 el portavoz del gobierno iraqu\u00ed, Basem al Awadi. &#8220;Tambi\u00e9n pidi\u00f3 una solicitud a la embajadora sueca en Bagdad para que abandonara el territorio iraqu\u00ed, en respuesta a la repetida autorizaci\u00f3n del gobierno sueco para quemar el noble Cor\u00e1n, insultar las santidades isl\u00e1micas y quemar la bandera iraqu\u00ed&#8221;, agregaron.<\/p>\n<p>Salwan Momika, un refugiado iraqu\u00ed de 37 a\u00f1os residente en Suecia, pisote\u00f3 esta misma jornada el libro sagrado del islam durante una protesta, pero se abstuvo de quemarlo, como hab\u00eda dicho que har\u00eda. En la solicitud de permiso que present\u00f3 a las autoridades suecas, el hombre manifest\u00f3 que su intenci\u00f3n era quemar el Cor\u00e1n y la bandera iraqu\u00ed frente a la embajada de ese pa\u00eds en Estocolmo.<\/p>\n<p>&nbsp;<\/p>\n<p><strong>\u201cActo violento ilegal\u201d<\/strong><\/p>\n<p>La polic\u00eda sueca autoriz\u00f3 la protesta ya que cumpli\u00f3 con la legislaci\u00f3n sobre los derechos a la libertad de reuni\u00f3n y de expresi\u00f3n. &#8220;La Constituci\u00f3n establece que se necesitan muchas razones para denegar a una persona un permiso para una reuni\u00f3n p\u00fablica, por lo que anteayer concedimos un permiso a un particular para protestar&#8221;, declar\u00f3 Ola Osterling, de la polic\u00eda de Estocolmo.<\/p>\n<p>La anterior quema del Cor\u00e1n, en junio, utiliz\u00f3 una oleada de cr\u00edticas internacionales y malestar en la comunidad musulmana. Esta vez la situaci\u00f3n escal\u00f3 m\u00e1s, cuando cientos de personas se congregaron ante la embajada sueca en Bagdad, escalaron las paredes y la incendiaron. Tambi\u00e9n hubo enfrentamientos con la Polic\u00eda, que us\u00f3 carros lanzaagua para dispersar a los manifestantes.<\/p>\n<p>Suecia calific\u00f3 de &#8220;inaceptable&#8221; el ataque contra su embajada, y anunci\u00f3 que convocar\u00e1 al representante diplom\u00e1tico iraqu\u00ed en Estocolmo. Tambi\u00e9n Estados Unidos conden\u00f3 lo ocurrido y critic\u00f3 que las fuerzas de seguridad se hicieron poco para proteger la representaci\u00f3n diplom\u00e1tica sueca. El portavoz del Departamento de Estado, Matthew Miller, dijo que la protesta es vital en la democracia, pero &#8220;lo que ocurri\u00f3\u201d en Bagdad &#8220;fue un acto violento ilegal&#8221;.<\/p>\n<p>El gobierno de Irak tambi\u00e9n perder\u00e1 el permiso para que la empresa sueca Ericsson opere en el pa\u00eds asi\u00e1tico. La ministra de Comunicaci\u00f3n, Hayam al Yasiri, probablemente poco antes &#8220;prohibir todo tipo de tratos&#8221; de su departamento y &#8220;sus formaciones con todas las empresas suecas&#8221;.<\/p>\n","protected":false},"excerpt":{"rendered":"<p>Bagdad conden\u00f3 que autorizara Estocolmo un acto donde un refugiado pretend\u00eda quemar el libro sagrado del islam. Una protesta desatada por lo mismo termin\u00f3 con la embajada sueca incendiada &nbsp; &nbsp; El gobierno de Irak sali\u00f3 este jueves a su encargado de negocios en Suecia y pidi\u00f3 a la embajadora del pa\u00eds europeo abandonar Bagdad, en protesta por el uso del Cor\u00e1n en diversas manifestaciones en Estocolmo. No se aclar\u00f3 en qu\u00e9 nivel quedar\u00e1n las relaciones entre ambos estados, pero Irak observ\u00f3 que romper\u00e1 v\u00ednculos &#8220;si se quema el Cor\u00e1n&#8230;<\/p>\n","protected":false},"author":3,"featured_media":105126,"comment_status":"closed","ping_status":"closed","sticky":false,"template":"","format":"standard","meta":[],"categories":[4],"tags":[],"_links":{"self":[{"href":"https:\/\/www.actualidadadiario.com\/index.php\/wp-json\/wp\/v2\/posts\/105125"}],"collection":[{"href":"https:\/\/www.actualidadadiario.com\/index.php\/wp-json\/wp\/v2\/posts"}],"about":[{"href":"https:\/\/www.actualidadadiario.com\/index.php\/wp-json\/wp\/v2\/types\/post"}],"author":[{"embeddable":true,"href":"https:\/\/www.actualidadadiario.com\/index.php\/wp-json\/wp\/v2\/users\/3"}],"replies":[{"embeddable":true,"href":"https:\/\/www.actualidadadiario.com\/index.php\/wp-json\/wp\/v2\/comments?post=105125"}],"version-history":[{"count":1,"href":"https:\/\/www.actualidadadiario.com\/index.php\/wp-json\/wp\/v2\/posts\/105125\/revisions"}],"predecessor-version":[{"id":105127,"href":"https:\/\/www.actualidadadiario.com\/index.php\/wp-json\/wp\/v2\/posts\/105125\/revisions\/105127"}],"wp:featuredmedia":[{"embeddable":true,"href":"https:\/\/www.actualidadadiario.com\/index.php\/wp-json\/wp\/v2\/media\/105126"}],"wp:attachment":[{"href":"https:\/\/www.actualidadadiario.com\/index.php\/wp-json\/wp\/v2\/media?parent=105125"}],"wp:term":[{"taxonomy":"category","embeddable":true,"href":"https:\/\/www.actualidadadiario.com\/index.php\/wp-json\/wp\/v2\/categories?post=105125"},{"taxonomy":"post_tag","embeddable":true,"href":"https:\/\/www.actualidadadiario.com\/index.php\/wp-json\/wp\/v2\/tags?post=105125"}],"curies":[{"name":"wp","href":"https:\/\/api.w.org\/{rel}","templated":true}]}}