{"id":105122,"date":"2023-07-20T15:46:41","date_gmt":"2023-07-20T18:46:41","guid":{"rendered":"https:\/\/www.actualidadadiario.com\/?p=105122"},"modified":"2023-07-20T15:56:08","modified_gmt":"2023-07-20T18:56:08","slug":"sergio-massa-y-rodriguez-larreta-estaran-presentes-en-la-exposicion-rural-argentina","status":"publish","type":"post","link":"https:\/\/www.actualidadadiario.com\/index.php\/2023\/07\/20\/sergio-massa-y-rodriguez-larreta-estaran-presentes-en-la-exposicion-rural-argentina\/","title":{"rendered":"Sergio Massa y Rodr\u00edguez Larreta estar\u00e1n presentes en la Exposici\u00f3n Rural Argentina"},"content":{"rendered":"<p style=\"text-align: center;\"><em><strong>Nicol\u00e1s Pino dijo que este a\u00f1o habr\u00e1 una fuerte presencia de dirigentes pol\u00edticos del oficialismo y de la oposici\u00f3n<\/strong><\/em><\/p>\n<p>&nbsp;<\/p>\n<p>&nbsp;<\/p>\n<p>El Presidente de la Sociedad Rural Argentina, Nicol\u00e1s Pino, dar\u00e1 inicio este jueves a la 135\u00aa edici\u00f3n de la Exposici\u00f3n Rural en Palermo y confirm\u00f3 que el precandidato presidencial por Uni\u00f3n por la Patria (UxP) y ministro de Econom\u00eda Sergio Massa estar\u00e1 presente el pr\u00f3ximo lunes 24 de julio.<\/p>\n<p>Adem\u00e1s, Pino anunci\u00f3 que este a\u00f1o, a diferencia del anterior, habr\u00e1 una fuerte presencia de dirigentes pol\u00edticos del oficialismo y de la oposici\u00f3n.<\/p>\n<p>&#8220;Va a ser una exposici\u00f3n intensa porque, sumado a todo lo que vivimos como pa\u00eds, tambi\u00e9n van a haber muchos pol\u00edticos. Muchos candidatos llamaron para venir&#8221;, resalt\u00f3 Pino.<\/p>\n<p>&nbsp;<\/p>\n<p><strong>Sergio Massa estar\u00e1 presente el lunes 24<\/strong><\/p>\n<p>&#8220;El ministro de Econom\u00eda me dijo que el lunes va a venir y otros funcionarios ratificaron su presencia en la muestra&#8221;, inform\u00f3 Pino.<\/p>\n<p>&#8220;Tiene que ser un amplio lugar para que todo el mundo se exprese y nosotros decirles que est\u00e1 todo b\u00e1rbaro, que son bienvenidos y que el campo es un espectador de la situaci\u00f3n del pa\u00eds, que va a aportar y exigir lo que necesita. La pol\u00edtica va a tener que poner lo suyo&#8221;, sostuvo.<\/p>\n<p>&nbsp;<\/p>\n<p><strong>Horacio Rodr\u00edguez Larreta estar\u00e1 en el inicio del evento<\/strong><\/p>\n<p>Este a\u00f1o, el corte de cinta se llevar\u00e1 a cabo a las 18:00 y, sobre este momento de la exposici\u00f3n, Pino indic\u00f3 que el jefe de Gobierno, Horacio Rodr\u00edguez Larreta, lo acompa\u00f1ar\u00e1 en su discurso.<\/p>\n<p>&#8220;Va a ser una charla de bienvenida y un show de apertura. Queremos escuchar a la pol\u00edtica y que ellos tambi\u00e9n nos escuchen&#8221;, subray\u00f3.<\/p>\n<p>Por \u00faltimo y con relaci\u00f3n a c\u00f3mo se desarrollar\u00e1 La Rural, el presidente de la SRA expres\u00f3: &#8220;El a\u00f1o pasado se agreg\u00f3 una transmisi\u00f3n en vivo por streaming y tuvimos un mill\u00f3n trescientas mil personas. Sabemos que La Rural es un evento cultural, as\u00ed que, tenemos mucha expectativa de que va a ser un \u00e9xito&#8221;.<\/p>\n","protected":false},"excerpt":{"rendered":"<p>Nicol\u00e1s Pino dijo que este a\u00f1o habr\u00e1 una fuerte presencia de dirigentes pol\u00edticos del oficialismo y de la oposici\u00f3n &nbsp; &nbsp; El Presidente de la Sociedad Rural Argentina, Nicol\u00e1s Pino, dar\u00e1 inicio este jueves a la 135\u00aa edici\u00f3n de la Exposici\u00f3n Rural en Palermo y confirm\u00f3 que el precandidato presidencial por Uni\u00f3n por la Patria (UxP) y ministro de Econom\u00eda Sergio Massa estar\u00e1 presente el pr\u00f3ximo lunes 24 de julio. Adem\u00e1s, Pino anunci\u00f3 que este a\u00f1o, a diferencia del anterior, habr\u00e1 una fuerte presencia de dirigentes pol\u00edticos del oficialismo y&#8230;<\/p>\n","protected":false},"author":3,"featured_media":105123,"comment_status":"closed","ping_status":"closed","sticky":false,"template":"","format":"standard","meta":[],"categories":[18],"tags":[],"_links":{"self":[{"href":"https:\/\/www.actualidadadiario.com\/index.php\/wp-json\/wp\/v2\/posts\/105122"}],"collection":[{"href":"https:\/\/www.actualidadadiario.com\/index.php\/wp-json\/wp\/v2\/posts"}],"about":[{"href":"https:\/\/www.actualidadadiario.com\/index.php\/wp-json\/wp\/v2\/types\/post"}],"author":[{"embeddable":true,"href":"https:\/\/www.actualidadadiario.com\/index.php\/wp-json\/wp\/v2\/users\/3"}],"replies":[{"embeddable":true,"href":"https:\/\/www.actualidadadiario.com\/index.php\/wp-json\/wp\/v2\/comments?post=105122"}],"version-history":[{"count":1,"href":"https:\/\/www.actualidadadiario.com\/index.php\/wp-json\/wp\/v2\/posts\/105122\/revisions"}],"predecessor-version":[{"id":105124,"href":"https:\/\/www.actualidadadiario.com\/index.php\/wp-json\/wp\/v2\/posts\/105122\/revisions\/105124"}],"wp:featuredmedia":[{"embeddable":true,"href":"https:\/\/www.actualidadadiario.com\/index.php\/wp-json\/wp\/v2\/media\/105123"}],"wp:attachment":[{"href":"https:\/\/www.actualidadadiario.com\/index.php\/wp-json\/wp\/v2\/media?parent=105122"}],"wp:term":[{"taxonomy":"category","embeddable":true,"href":"https:\/\/www.actualidadadiario.com\/index.php\/wp-json\/wp\/v2\/categories?post=105122"},{"taxonomy":"post_tag","embeddable":true,"href":"https:\/\/www.actualidadadiario.com\/index.php\/wp-json\/wp\/v2\/tags?post=105122"}],"curies":[{"name":"wp","href":"https:\/\/api.w.org\/{rel}","templated":true}]}}