{"id":105116,"date":"2023-07-20T15:26:29","date_gmt":"2023-07-20T18:26:29","guid":{"rendered":"https:\/\/www.actualidadadiario.com\/?p=105116"},"modified":"2023-07-20T15:26:29","modified_gmt":"2023-07-20T18:26:29","slug":"massa-hablo-con-georgeiva-y-prepara-medidas-ante-el-nuevo-acuerdo-con-el-fmi","status":"publish","type":"post","link":"https:\/\/www.actualidadadiario.com\/index.php\/2023\/07\/20\/massa-hablo-con-georgeiva-y-prepara-medidas-ante-el-nuevo-acuerdo-con-el-fmi\/","title":{"rendered":"Massa habl\u00f3 con Georgeiva y prepara medidas ante el nuevo acuerdo con el FMI"},"content":{"rendered":"<p style=\"text-align: center;\"><em><strong>El ministro de Econom\u00eda realizar\u00eda los anuncios este viernes, mientras cierra el acuerdo con el Fondo Monetario Internacional. Las medidas apuntar\u00edan a encarecer el d\u00f3lar de las importaciones<\/strong><\/em><\/p>\n<p>&nbsp;<\/p>\n<p>&nbsp;<\/p>\n<p>Con la intenci\u00f3n de destrabar la negociaci\u00f3n del acuerdo con el Fondo Monetario Internacional (FMI), el ministro de Econom\u00eda y precandidato presidencial de Uni\u00f3n por la Patria (UxP), Sergio Massa, mantuvo un zoom de casi una hora, entre las 20.30 y las 21.30 horas, con la titular del organismo, Kristalina Georgieva y comienzan a sonar nuevas medidas econ\u00f3micas.<\/p>\n<p>El ministro dio el visto bueno para que otros dos funcionarios viajen a Washington a sumarse a la comitiva que hab\u00eda llegado a esa capital el martes pasado. As\u00ed, Leonardo Madcur, jefe de Asesores de Massa, y Ra\u00fal Rigo, secretario de Hacienda, quienes estaban en el Ministerio, fueron directo a Ezeiza a abordar el vuelo de American Airlines de las 22:20 a Miami.<\/p>\n<p>Ambos se sumar\u00e1n al viceministro Gabriel Rubinstein, al vicepresidente del BCRA, Lisandro Cleri, y uno de los directores de la autoridad monetaria, Jorge Carreras, quienes ya mantuvieron reuniones presenciales en el organismo el martes y el mi\u00e9rcoles.<\/p>\n<p>Desde el Palacio de Hacienda se\u00f1alan que \u201clas negociaciones est\u00e1n encaminadas para un cierre\u201d y que, en funci\u00f3n de los acuerdos arribados, \u201cinclusive el viernes podr\u00edan tomarse medidas que son parte del paquete de nuevo acuerdo\u201d.<\/p>\n<p>&nbsp;<\/p>\n<p><strong>\u00bfCu\u00e1les podr\u00edan ser las nuevas medidas econ\u00f3micas?<\/strong><\/p>\n<p>Las siguen delineando por estas horas, pero algunas de ellas estar\u00edan enfocadas en \u201caumentar el volumen de las exportaciones y en encarecer algunas importaciones\u201d, seg\u00fan fuentes de la negociaci\u00f3n. La idea de una suerte de \u201cImpuesto Pa\u00eds\u201d a las importaciones est\u00e1 en la cabeza de Massa y su equipo desde hace varias semanas, desde que la idea de un front load, o adelanto completo de los desembolsos de este a\u00f1o, comenz\u00f3 a perder fuerza.<\/p>\n<p>Desde entonces se habla de un impuesto del 30% que podr\u00eda deducirse de ganancias el a\u00f1o pr\u00f3ximo. En el Gobierno no lo confirman, al menos por el momento. Tampoco est\u00e1 claro cu\u00e1ntos d\u00f3lares llegar\u00e1n a las arcas del BCRA y si habr\u00e1 un porcentaje para poder intervenir en el mercado cambiario. El contexto es complicado: las reservas netas tienen un rojo de USD 7.000 millones, seg\u00fan c\u00e1lculos privados, y sigue el goteo porque ayer cayeron USD 264 millones. No s\u00f3lo eso: el d\u00f3lar libre lleg\u00f3 a un r\u00e9cord nominal de $525, 5 por encima del cierre anterior.<\/p>\n","protected":false},"excerpt":{"rendered":"<p>El ministro de Econom\u00eda realizar\u00eda los anuncios este viernes, mientras cierra el acuerdo con el Fondo Monetario Internacional. Las medidas apuntar\u00edan a encarecer el d\u00f3lar de las importaciones &nbsp; &nbsp; Con la intenci\u00f3n de destrabar la negociaci\u00f3n del acuerdo con el Fondo Monetario Internacional (FMI), el ministro de Econom\u00eda y precandidato presidencial de Uni\u00f3n por la Patria (UxP), Sergio Massa, mantuvo un zoom de casi una hora, entre las 20.30 y las 21.30 horas, con la titular del organismo, Kristalina Georgieva y comienzan a sonar nuevas medidas econ\u00f3micas. El ministro&#8230;<\/p>\n","protected":false},"author":3,"featured_media":100333,"comment_status":"closed","ping_status":"closed","sticky":false,"template":"","format":"standard","meta":[],"categories":[18],"tags":[],"_links":{"self":[{"href":"https:\/\/www.actualidadadiario.com\/index.php\/wp-json\/wp\/v2\/posts\/105116"}],"collection":[{"href":"https:\/\/www.actualidadadiario.com\/index.php\/wp-json\/wp\/v2\/posts"}],"about":[{"href":"https:\/\/www.actualidadadiario.com\/index.php\/wp-json\/wp\/v2\/types\/post"}],"author":[{"embeddable":true,"href":"https:\/\/www.actualidadadiario.com\/index.php\/wp-json\/wp\/v2\/users\/3"}],"replies":[{"embeddable":true,"href":"https:\/\/www.actualidadadiario.com\/index.php\/wp-json\/wp\/v2\/comments?post=105116"}],"version-history":[{"count":1,"href":"https:\/\/www.actualidadadiario.com\/index.php\/wp-json\/wp\/v2\/posts\/105116\/revisions"}],"predecessor-version":[{"id":105117,"href":"https:\/\/www.actualidadadiario.com\/index.php\/wp-json\/wp\/v2\/posts\/105116\/revisions\/105117"}],"wp:featuredmedia":[{"embeddable":true,"href":"https:\/\/www.actualidadadiario.com\/index.php\/wp-json\/wp\/v2\/media\/100333"}],"wp:attachment":[{"href":"https:\/\/www.actualidadadiario.com\/index.php\/wp-json\/wp\/v2\/media?parent=105116"}],"wp:term":[{"taxonomy":"category","embeddable":true,"href":"https:\/\/www.actualidadadiario.com\/index.php\/wp-json\/wp\/v2\/categories?post=105116"},{"taxonomy":"post_tag","embeddable":true,"href":"https:\/\/www.actualidadadiario.com\/index.php\/wp-json\/wp\/v2\/tags?post=105116"}],"curies":[{"name":"wp","href":"https:\/\/api.w.org\/{rel}","templated":true}]}}