{"id":105110,"date":"2023-07-20T15:16:36","date_gmt":"2023-07-20T18:16:36","guid":{"rendered":"https:\/\/www.actualidadadiario.com\/?p=105110"},"modified":"2023-07-20T15:16:36","modified_gmt":"2023-07-20T18:16:36","slug":"el-gobierno-britanico-le-reprocho-a-la-union-europea-haberse-referido-a-malvinas-con-ese-nombre","status":"publish","type":"post","link":"https:\/\/www.actualidadadiario.com\/index.php\/2023\/07\/20\/el-gobierno-britanico-le-reprocho-a-la-union-europea-haberse-referido-a-malvinas-con-ese-nombre\/","title":{"rendered":"El gobierno brit\u00e1nico le reproch\u00f3 a la Uni\u00f3n Europea haberse referido a Malvinas con ese nombre"},"content":{"rendered":"<p style=\"text-align: center;\"><em><strong>Un portavoz del primer ministro, Rishi Sunak, se\u00f1al\u00f3 que constituy\u00f3 una &#8216;lamentable elecci\u00f3n de palabras&#8217; del organismo en la declaraci\u00f3n que suscribi\u00f3 con la Celac<\/strong><\/em><\/p>\n<p>&nbsp;<\/p>\n<p>&nbsp;<\/p>\n<p>El Gobierno brit\u00e1nico consider\u00f3 \u201clamentable&#8221; que la Uni\u00f3n Europea (UE) se haya referido a las Islas Malvinas con ese nombre en la declaraci\u00f3n que suscribi\u00f3 el martes \u00faltimo con la Comunidad de Estados Latinoamericanos y Caribe\u00f1os (Celac) en el que se reconoci\u00f3 la existencia de una disputa entre la Argentina y el Reino Unido por la soberan\u00eda sobre el archipi\u00e9lago. As\u00ed lo expres\u00f3 en declaraciones a la prensa de Londres un portavoz del primer ministro brit\u00e1nico, Rishi Sunak, quien se\u00f1al\u00f3 que haber mencionado a las Islas Malvinas de esa manera constituy\u00f3 por parte de la Uni\u00f3n Europea una \u201clamentable elecci\u00f3n de palabras&#8221;.<\/p>\n<p>De esta forma se refiri\u00f3 a la moci\u00f3n sobre la cuesti\u00f3n Malvinas como territorio &#8220;en disputa&#8221; incorporada a la declaraci\u00f3n de la cumbre de jefes y jefas de Estado de la Uni\u00f3n Europea (UE) y la Comunidad de Estados Latinoamericanos y Caribe\u00f1os (Celac) celebrada el lunes y martes \u00faltimo en la ciudad de Bruselas, B\u00e9lgica, de la que particip\u00f3 el presidente Alberto Fern\u00e1ndez.<\/p>\n<p>El tema fue mencionado en dos de los 41 puntos de la Declaraci\u00f3n de la III Cumbre de Jefas y Jefes de Estado o de Gobierno UE-Celac, junto a la firma de los presidentes del Consejo Europeo, Charles Michel, y de la Comisi\u00f3n Europea, Ursula von der Leyen.<\/p>\n<p>El decimotercer punto de la declaraci\u00f3n se\u00f1ala que, &#8220;en cuanto a la cuesti\u00f3n de la soberan\u00eda&#8221;, la Uni\u00f3n Europea tom\u00f3 nota &#8220;de la posici\u00f3n hist\u00f3rica de la Celac, basada en la importancia del di\u00e1logo y el respeto del derecho internacional en la soluci\u00f3n pac\u00edfica de controversias&#8221;.<\/p>\n<p>En tanto, la siguiente menci\u00f3n destaca: &#8220;Reafirmamos adem\u00e1s nuestro compromiso fundamental con todos los prop\u00f3sitos y principios consagrados en la Carta de las Naciones Unidas, incluida la igualdad soberana de todos los Estados y el respeto de su integridad territorial e independencia pol\u00edtica, soluci\u00f3n de controversias por medios pac\u00edficos y en conformidad con los principios de justicia y derecho internacional&#8221;.<\/p>\n<p>En sus declaraciones a la prensa brit\u00e1nica, y tras interpretar que la posici\u00f3n de la Uni\u00f3n Europea en este asunto &#8220;no cambi\u00f3&#8221;, el vocero del primer ministro indic\u00f3 que hubiese sido &#8220;totalmente inaceptable que la UE cuestionara el derecho de los habitantes de las Islas Malvinas a decidir su propio futuro&#8221;.<\/p>\n","protected":false},"excerpt":{"rendered":"<p>Un portavoz del primer ministro, Rishi Sunak, se\u00f1al\u00f3 que constituy\u00f3 una &#8216;lamentable elecci\u00f3n de palabras&#8217; del organismo en la declaraci\u00f3n que suscribi\u00f3 con la Celac &nbsp; &nbsp; El Gobierno brit\u00e1nico consider\u00f3 \u201clamentable&#8221; que la Uni\u00f3n Europea (UE) se haya referido a las Islas Malvinas con ese nombre en la declaraci\u00f3n que suscribi\u00f3 el martes \u00faltimo con la Comunidad de Estados Latinoamericanos y Caribe\u00f1os (Celac) en el que se reconoci\u00f3 la existencia de una disputa entre la Argentina y el Reino Unido por la soberan\u00eda sobre el archipi\u00e9lago. As\u00ed lo expres\u00f3&#8230;<\/p>\n","protected":false},"author":3,"featured_media":105111,"comment_status":"closed","ping_status":"closed","sticky":false,"template":"","format":"standard","meta":[],"categories":[18],"tags":[],"_links":{"self":[{"href":"https:\/\/www.actualidadadiario.com\/index.php\/wp-json\/wp\/v2\/posts\/105110"}],"collection":[{"href":"https:\/\/www.actualidadadiario.com\/index.php\/wp-json\/wp\/v2\/posts"}],"about":[{"href":"https:\/\/www.actualidadadiario.com\/index.php\/wp-json\/wp\/v2\/types\/post"}],"author":[{"embeddable":true,"href":"https:\/\/www.actualidadadiario.com\/index.php\/wp-json\/wp\/v2\/users\/3"}],"replies":[{"embeddable":true,"href":"https:\/\/www.actualidadadiario.com\/index.php\/wp-json\/wp\/v2\/comments?post=105110"}],"version-history":[{"count":1,"href":"https:\/\/www.actualidadadiario.com\/index.php\/wp-json\/wp\/v2\/posts\/105110\/revisions"}],"predecessor-version":[{"id":105112,"href":"https:\/\/www.actualidadadiario.com\/index.php\/wp-json\/wp\/v2\/posts\/105110\/revisions\/105112"}],"wp:featuredmedia":[{"embeddable":true,"href":"https:\/\/www.actualidadadiario.com\/index.php\/wp-json\/wp\/v2\/media\/105111"}],"wp:attachment":[{"href":"https:\/\/www.actualidadadiario.com\/index.php\/wp-json\/wp\/v2\/media?parent=105110"}],"wp:term":[{"taxonomy":"category","embeddable":true,"href":"https:\/\/www.actualidadadiario.com\/index.php\/wp-json\/wp\/v2\/categories?post=105110"},{"taxonomy":"post_tag","embeddable":true,"href":"https:\/\/www.actualidadadiario.com\/index.php\/wp-json\/wp\/v2\/tags?post=105110"}],"curies":[{"name":"wp","href":"https:\/\/api.w.org\/{rel}","templated":true}]}}