{"id":105107,"date":"2023-07-20T15:15:44","date_gmt":"2023-07-20T18:15:44","guid":{"rendered":"https:\/\/www.actualidadadiario.com\/?p=105107"},"modified":"2023-07-20T15:15:44","modified_gmt":"2023-07-20T18:15:44","slug":"el-reconocimiento-de-la-ue-a-la-causa-malvinas-es-una-victoria-diplomatica-historica","status":"publish","type":"post","link":"https:\/\/www.actualidadadiario.com\/index.php\/2023\/07\/20\/el-reconocimiento-de-la-ue-a-la-causa-malvinas-es-una-victoria-diplomatica-historica\/","title":{"rendered":"&#8220;El reconocimiento de la UE a la Causa Malvinas es una victoria diplom\u00e1tica hist\u00f3rica&#8221;"},"content":{"rendered":"<p style=\"text-align: center;\"><em><strong>El Presidente ponder\u00f3 la posici\u00f3n de la Uni\u00f3n Europea ante la Causa Malvinas. &#8220;El compromiso de los argentinos con la defensa de los derechos de nuestra patria lo hizo posible&#8221;, celebr\u00f3<\/strong><\/em><\/p>\n<p>&nbsp;<\/p>\n<p>&nbsp;<\/p>\n<p>El presidente Alberto Fern\u00e1ndez destac\u00f3 que se logr\u00f3 una &#8220;victoria diplom\u00e1tica hist\u00f3rica&#8221; con el reconocimiento de la Uni\u00f3n Europea (UE) a la Causa Malvinas, en la cumbre de ese bloque con la Comunidad de Estados Latinoamericanos y del Caribe (Celac) que se realiz\u00f3 en Bruselas esta semana.<\/p>\n<p>&#8220;Malvinas es una causa nacional. Hemos dado un paso m\u00e1s, una victoria diplom\u00e1tica hist\u00f3rica: un pueblo entero ha llevado #Malvinas a una declaraci\u00f3n birregional&#8221;, destac\u00f3 el Presidente en su cuenta de Twitter.<\/p>\n<p>En esa l\u00ednea, el mandatario remarc\u00f3 que &#8220;el compromiso de los argentinos con la defensa de los derechos de nuestra patria lo hizo posible&#8221;.<\/p>\n<p>El Presidente republic\u00f3 un tuit del canciller Santiago Cafiero, en el que afirm\u00f3 que el diario Clar\u00edn &#8220;eligi\u00f3 mentir&#8221; en relaci\u00f3n al acuerdo que suscribieron la Celac y la UE tras la cumbre birregional de Bruselas, donde se reconoci\u00f3 la existencia de una disputa entre Argentina y el Reino Unido sobre la soberan\u00eda de las islas Malvinas.<\/p>\n<p>&#8220;Mientras la prensa del mundo refleja los hechos, Clar\u00edn elige mentir. Hicieron lo mismo cuando dimos de baja el vergonzoso &#8216;pacto&#8217; Foradori-Duncan. El triunfo de la diplomacia argentina fue contundente: por primera vez una declaraci\u00f3n birregional incorpor\u00f3 la Cuesti\u00f3n Malvinas&#8221;, se\u00f1al\u00f3 Cafiero a trav\u00e9s de un comunicado publicado en su cuenta de la red social Twitter.<\/p>\n<p>En una nota publicada en su edici\u00f3n de este jueves, el matutino afirma que la UE &#8220;no hab\u00eda cambiado su posici\u00f3n sobre el tema&#8221;, al referirse al reclamo argentino por la soberan\u00eda de las islas del Atl\u00e1ntico Sur, y pone en duda que el acuerdo sea &#8220;un llamamiento al Reino Unido para que negocie con Argentina&#8221;.<\/p>\n<p>&#8220;Ninguna de las declaraciones citadas en el art\u00edculo de Clar\u00edn contradicen el hecho de que por primera vez en la historia de las relaciones birregionales UE-CELAC, la Uni\u00f3n Europea reconoci\u00f3 oficialmente en una declaraci\u00f3n conjunta nuestra posici\u00f3n respecto a la Cuesti\u00f3n Malvinas&#8221;, sostuvo Cafiero.<\/p>\n<p>En ese sentido, el titular del Palacio San Mart\u00edn record\u00f3 que &#8220;cuando el medio (Clar\u00edn) hizo una interpretaci\u00f3n &#8216;equivocada&#8217; de los hechos, el secretario (de Malvinas, Ant\u00e1rtida e Islas del Atl\u00e1ntico Sur de la Canciller\u00eda) aclar\u00f3 la informaci\u00f3n en dos oportunidades&#8221;.<\/p>\n<p>De esta forma, Cafiero cita a Guillermo Carmona, que en mensajes publicados en sus redes se dirigi\u00f3 a la periodista autora del art\u00edculo de Clar\u00edn, al sugerirle &#8220;leer el comunicado oficial de Canciller\u00eda sobre la Declaraci\u00f3n UE-CELAC y no pretender encontrar contradicciones all\u00ed donde no las hay&#8221;.<\/p>\n<p>&#8220;Nuestra posici\u00f3n ha sido clara: UE y CELAC acordaron incorporar un p\u00e1rrafo sobre la Cuesti\u00f3n Malvinas, primera vez que ocurre en una declaraci\u00f3n birregional. Eso en s\u00ed mismo entra\u00f1a una importante novedad para la Argentina y para nuestra regi\u00f3n&#8221;, remarc\u00f3 Carmona.<\/p>\n","protected":false},"excerpt":{"rendered":"<p>El Presidente ponder\u00f3 la posici\u00f3n de la Uni\u00f3n Europea ante la Causa Malvinas. &#8220;El compromiso de los argentinos con la defensa de los derechos de nuestra patria lo hizo posible&#8221;, celebr\u00f3 &nbsp; &nbsp; El presidente Alberto Fern\u00e1ndez destac\u00f3 que se logr\u00f3 una &#8220;victoria diplom\u00e1tica hist\u00f3rica&#8221; con el reconocimiento de la Uni\u00f3n Europea (UE) a la Causa Malvinas, en la cumbre de ese bloque con la Comunidad de Estados Latinoamericanos y del Caribe (Celac) que se realiz\u00f3 en Bruselas esta semana. &#8220;Malvinas es una causa nacional. Hemos dado un paso m\u00e1s,&#8230;<\/p>\n","protected":false},"author":3,"featured_media":105108,"comment_status":"closed","ping_status":"closed","sticky":false,"template":"","format":"standard","meta":[],"categories":[9],"tags":[],"_links":{"self":[{"href":"https:\/\/www.actualidadadiario.com\/index.php\/wp-json\/wp\/v2\/posts\/105107"}],"collection":[{"href":"https:\/\/www.actualidadadiario.com\/index.php\/wp-json\/wp\/v2\/posts"}],"about":[{"href":"https:\/\/www.actualidadadiario.com\/index.php\/wp-json\/wp\/v2\/types\/post"}],"author":[{"embeddable":true,"href":"https:\/\/www.actualidadadiario.com\/index.php\/wp-json\/wp\/v2\/users\/3"}],"replies":[{"embeddable":true,"href":"https:\/\/www.actualidadadiario.com\/index.php\/wp-json\/wp\/v2\/comments?post=105107"}],"version-history":[{"count":1,"href":"https:\/\/www.actualidadadiario.com\/index.php\/wp-json\/wp\/v2\/posts\/105107\/revisions"}],"predecessor-version":[{"id":105109,"href":"https:\/\/www.actualidadadiario.com\/index.php\/wp-json\/wp\/v2\/posts\/105107\/revisions\/105109"}],"wp:featuredmedia":[{"embeddable":true,"href":"https:\/\/www.actualidadadiario.com\/index.php\/wp-json\/wp\/v2\/media\/105108"}],"wp:attachment":[{"href":"https:\/\/www.actualidadadiario.com\/index.php\/wp-json\/wp\/v2\/media?parent=105107"}],"wp:term":[{"taxonomy":"category","embeddable":true,"href":"https:\/\/www.actualidadadiario.com\/index.php\/wp-json\/wp\/v2\/categories?post=105107"},{"taxonomy":"post_tag","embeddable":true,"href":"https:\/\/www.actualidadadiario.com\/index.php\/wp-json\/wp\/v2\/tags?post=105107"}],"curies":[{"name":"wp","href":"https:\/\/api.w.org\/{rel}","templated":true}]}}