{"id":105100,"date":"2023-07-20T15:13:19","date_gmt":"2023-07-20T18:13:19","guid":{"rendered":"https:\/\/www.actualidadadiario.com\/?p=105100"},"modified":"2023-07-20T15:13:19","modified_gmt":"2023-07-20T18:13:19","slug":"estiman-que-la-inflacion-de-julio-apunta-a-superar-levemente-el-6","status":"publish","type":"post","link":"https:\/\/www.actualidadadiario.com\/index.php\/2023\/07\/20\/estiman-que-la-inflacion-de-julio-apunta-a-superar-levemente-el-6\/","title":{"rendered":"Estiman que la inflaci\u00f3n de julio apunta a superar levemente el 6%"},"content":{"rendered":"<p style=\"text-align: center;\"><em><strong>Un informe privado se\u00f1al\u00f3 que \u00e9sa es la tendencia tras los resultados al cierre de la primera quincena del mes<\/strong><\/em><\/p>\n<p>&nbsp;<\/p>\n<p>&nbsp;<\/p>\n<p>La inflaci\u00f3n de julio apunta a ubicarse levemente por encima del 6%, seg\u00fan un estudio de la consultora Ecolatina realiz\u00f3 en la regi\u00f3n Metropolitana.<\/p>\n<p>El indicador que elabora la empresa mostr\u00f3 que en la primera quincena de julio los precios crecieron un 6,5% con relaci\u00f3n al mismo per\u00edodo del mes pasado.<\/p>\n<p>\u201cDe esta manera, sostuvo la desaceleraci\u00f3n registrada desde la segunda quincena de mayo\u201d, se\u00f1al\u00f3 el informe a cargo de Santiago Manoukian.<\/p>\n<p>Al avanzar en las causas, la consultora indic\u00f3 que \u201cla moderaci\u00f3n responde a un menor crecimiento de alimentos frescos, sumado a que en julio coinciden una menor cantidad de aumentos de la categor\u00eda Regulados que en los dos meses previos\u201d.<\/p>\n<p>En cuanto a las categor\u00edas, el alza estuvo liderada por los Estacionales, donde la aceleraci\u00f3n en Turismo (+27,9%) producto de una suba estacional por el receso invernal fue moderada por la ca\u00edda en Frutas y un menor crecimiento en Indumentaria exterior.<\/p>\n<p>Respecto de la inflaci\u00f3n N\u00facleo \u2013que despeja factores estacionales- indic\u00f3 que aument\u00f3 un 6,6%, desacelerando 0.6 puntos con relaci\u00f3n al avance que hab\u00eda mostrado en la primera quincena de junio, per\u00edodo en el cual hab\u00eda desacelerado 2,1 puntos.<\/p>\n<p>El menor crecimiento se verific\u00f3 en Regulados (+5,2%), donde aumentaron Prepagas (+8,5%), Educaci\u00f3n formal (+9,8%), Cigarrillos (+12,9%), Telefon\u00eda (+6,1%) y Colectivos y trenes (+8,0%).<\/p>\n<p>El trabajo de Ecolatina revel\u00f3 que \u201cel cap\u00edtulo de Alimentos y bebidas (+5,3%) desaceler\u00f3 1,6 p.p. respecto a la primera quincena de junio, principalmente por un menor crecimiento en Carnes (+1,6%) y una ca\u00edda en Frutas (-0,5%).<\/p>\n<p>Los productos de Consumo Masivo -empaquetados- treparon un 6,5%, mostrando una desaceleraci\u00f3n de 0,4 p.p respecto a la 1Q de junio.<\/p>\n<p>En cuanto a los cap\u00edtulos, los que m\u00e1s crecieron fueron: Esparcimiento (+11,8%), impulsado por los aumentos en turismo y servicios de esparcimiento ante el inicio de las vacaciones de invierno; Educaci\u00f3n (+10,7%), traccionado por aumentos en colegios (tanto en PBA como en CABA) y art\u00edculos de librer\u00eda y libros; y Salud (+9,4%), donde incidieron los aumentos en prepagas (+8,5%) y medicamentos (+10,0%).<\/p>\n<p>\u201cPara la segunda quincena, esperamos una desaceleraci\u00f3n marginal del \u00edndice, que lo dejar\u00eda para el promedio mensual en la zona del 6,2%\u201d, concluy\u00f3 el informe.<\/p>\n","protected":false},"excerpt":{"rendered":"<p>Un informe privado se\u00f1al\u00f3 que \u00e9sa es la tendencia tras los resultados al cierre de la primera quincena del mes &nbsp; &nbsp; La inflaci\u00f3n de julio apunta a ubicarse levemente por encima del 6%, seg\u00fan un estudio de la consultora Ecolatina realiz\u00f3 en la regi\u00f3n Metropolitana. El indicador que elabora la empresa mostr\u00f3 que en la primera quincena de julio los precios crecieron un 6,5% con relaci\u00f3n al mismo per\u00edodo del mes pasado. \u201cDe esta manera, sostuvo la desaceleraci\u00f3n registrada desde la segunda quincena de mayo\u201d, se\u00f1al\u00f3 el informe a&#8230;<\/p>\n","protected":false},"author":3,"featured_media":104540,"comment_status":"closed","ping_status":"closed","sticky":false,"template":"","format":"standard","meta":[],"categories":[2],"tags":[],"_links":{"self":[{"href":"https:\/\/www.actualidadadiario.com\/index.php\/wp-json\/wp\/v2\/posts\/105100"}],"collection":[{"href":"https:\/\/www.actualidadadiario.com\/index.php\/wp-json\/wp\/v2\/posts"}],"about":[{"href":"https:\/\/www.actualidadadiario.com\/index.php\/wp-json\/wp\/v2\/types\/post"}],"author":[{"embeddable":true,"href":"https:\/\/www.actualidadadiario.com\/index.php\/wp-json\/wp\/v2\/users\/3"}],"replies":[{"embeddable":true,"href":"https:\/\/www.actualidadadiario.com\/index.php\/wp-json\/wp\/v2\/comments?post=105100"}],"version-history":[{"count":1,"href":"https:\/\/www.actualidadadiario.com\/index.php\/wp-json\/wp\/v2\/posts\/105100\/revisions"}],"predecessor-version":[{"id":105101,"href":"https:\/\/www.actualidadadiario.com\/index.php\/wp-json\/wp\/v2\/posts\/105100\/revisions\/105101"}],"wp:featuredmedia":[{"embeddable":true,"href":"https:\/\/www.actualidadadiario.com\/index.php\/wp-json\/wp\/v2\/media\/104540"}],"wp:attachment":[{"href":"https:\/\/www.actualidadadiario.com\/index.php\/wp-json\/wp\/v2\/media?parent=105100"}],"wp:term":[{"taxonomy":"category","embeddable":true,"href":"https:\/\/www.actualidadadiario.com\/index.php\/wp-json\/wp\/v2\/categories?post=105100"},{"taxonomy":"post_tag","embeddable":true,"href":"https:\/\/www.actualidadadiario.com\/index.php\/wp-json\/wp\/v2\/tags?post=105100"}],"curies":[{"name":"wp","href":"https:\/\/api.w.org\/{rel}","templated":true}]}}