{"id":105097,"date":"2023-07-20T15:12:32","date_gmt":"2023-07-20T18:12:32","guid":{"rendered":"https:\/\/www.actualidadadiario.com\/?p=105097"},"modified":"2023-07-20T15:12:32","modified_gmt":"2023-07-20T18:12:32","slug":"argentina-comenzara-a-producir-celdas-para-bateria-de-litio-en-septiembre","status":"publish","type":"post","link":"https:\/\/www.actualidadadiario.com\/index.php\/2023\/07\/20\/argentina-comenzara-a-producir-celdas-para-bateria-de-litio-en-septiembre\/","title":{"rendered":"Argentina comenzar\u00e1 a producir celdas para bater\u00eda de litio en septiembre"},"content":{"rendered":"<p style=\"text-align: center;\"><em><strong>\u00abSomos el cuarto pa\u00eds exportador de carbonato de litio. Nos enfrentamos al desaf\u00edo de agregar valor a este insumo\u00bb, remarc\u00f3 el titular de la empresa Y-TEC, Roberto Salvarezza, al detallar que la f\u00e1brica de celdas estar\u00e1 destinada al abastecimiento de energ\u00eda e\u00f3lica y solar<\/strong><\/em><\/p>\n<p>&nbsp;<\/p>\n<p>&nbsp;<\/p>\n<p>El titular de la empresa de investigaci\u00f3n energ\u00e9tica Y-TEC, Roberto Salvarezza, asegur\u00f3 que el desaf\u00edo es que Argentina se convierta en un &#8220;jugador estrat\u00e9gico&#8221; para la regi\u00f3n por la producci\u00f3n de bater\u00edas de litio, tras indicar que en septiembre ya estar\u00e1 en funcionamiento la f\u00e1brica de celdas para bater\u00edas de litio que encararon con la Universidad Nacional de La Plata.<\/p>\n<p>Adelant\u00f3 adem\u00e1s que la planta que tienen previsto abrir en Santiago del Estero &#8220;quintuplicar\u00e1&#8221; la producci\u00f3n de la primera.<\/p>\n<p>&#8220;Somos el cuarto pa\u00eds exportador de carbonato de litio. Nos enfrentamos al desaf\u00edo de agregar valor a este insumo&#8221;, remarc\u00f3 Salvarezza para precisar que &#8220;nuestro objetivo es que en septiembre de este a\u00f1o tengamos una planta de producci\u00f3n de celdas de bater\u00edas de litio&#8221;.<\/p>\n<p>La primera planta tendr\u00e1 capacidad para producir las celdas de las bater\u00edas que permitir\u00e1n, por ejemplo, almacenar la energ\u00eda e\u00f3lica y solar para poblaciones que hoy est\u00e1n desconectadas de la red el\u00e9ctrica.<\/p>\n<p>&#8220;Esta misma tecnolog\u00eda la tendremos para una planta con la provincia de Santiago del Estero, que ser\u00e1 cinco veces mayor que \u00e9sta&#8221;, adelant\u00f3 Salvarezza en di\u00e1logo con AM530.<\/p>\n<p>Las celdas son las unidades funcionales que generan energ\u00eda y que van ensambladas con un controlador electr\u00f3nico; eso constituye la bater\u00eda de litio que, seg\u00fan Salvarezza, &#8220;son el 30 o 40% de un veh\u00edculo el\u00e9ctrico&#8221;.<\/p>\n<p>&#8220;La planta de YTEC y la Universidad Nacional de La Plata, que va a generar celdas para bater\u00edas para m\u00e1s de 2.000 viviendas, b\u00e1sicamente va a estar destinada a abastecimiento de energ\u00eda e\u00f3lica y solar; para escuelas rurales, instituciones p\u00fablicas o poblaciones aisladas de red&#8221;, se\u00f1al\u00f3<\/p>\n<p>Agreg\u00f3 que &#8220;la planta de Santiago del Estero est\u00e1 m\u00e1s dedicada a electromovilidad, motos el\u00e9ctricas o side car, autos, colectivos y otros veh\u00edculos que hoy se fabrican en el pa\u00eds&#8221;, y que &#8220;todas esas empresas importan la bater\u00eda o bien compran las celdas&#8221;.<\/p>\n<p>La producci\u00f3n de ambas plantas &#8220;es suficiente para atender la demanda real en el pa\u00eds en cuanto a veh\u00edculos el\u00e9ctricos y almacenamiento de energ\u00eda solar y e\u00f3lica&#8221;, remarc\u00f3.<\/p>\n<p>Por ello, subray\u00f3 que &#8220;el gran desaf\u00edo es escalar esto&#8221; y lograr que Argentina &#8220;sea un jugador estrat\u00e9gico cuando el Mercosur comience la transici\u00f3n energ\u00e9tica&#8221;.<\/p>\n","protected":false},"excerpt":{"rendered":"<p>\u00abSomos el cuarto pa\u00eds exportador de carbonato de litio. Nos enfrentamos al desaf\u00edo de agregar valor a este insumo\u00bb, remarc\u00f3 el titular de la empresa Y-TEC, Roberto Salvarezza, al detallar que la f\u00e1brica de celdas estar\u00e1 destinada al abastecimiento de energ\u00eda e\u00f3lica y solar &nbsp; &nbsp; El titular de la empresa de investigaci\u00f3n energ\u00e9tica Y-TEC, Roberto Salvarezza, asegur\u00f3 que el desaf\u00edo es que Argentina se convierta en un &#8220;jugador estrat\u00e9gico&#8221; para la regi\u00f3n por la producci\u00f3n de bater\u00edas de litio, tras indicar que en septiembre ya estar\u00e1 en funcionamiento la&#8230;<\/p>\n","protected":false},"author":3,"featured_media":105098,"comment_status":"closed","ping_status":"closed","sticky":false,"template":"","format":"standard","meta":[],"categories":[2],"tags":[],"_links":{"self":[{"href":"https:\/\/www.actualidadadiario.com\/index.php\/wp-json\/wp\/v2\/posts\/105097"}],"collection":[{"href":"https:\/\/www.actualidadadiario.com\/index.php\/wp-json\/wp\/v2\/posts"}],"about":[{"href":"https:\/\/www.actualidadadiario.com\/index.php\/wp-json\/wp\/v2\/types\/post"}],"author":[{"embeddable":true,"href":"https:\/\/www.actualidadadiario.com\/index.php\/wp-json\/wp\/v2\/users\/3"}],"replies":[{"embeddable":true,"href":"https:\/\/www.actualidadadiario.com\/index.php\/wp-json\/wp\/v2\/comments?post=105097"}],"version-history":[{"count":1,"href":"https:\/\/www.actualidadadiario.com\/index.php\/wp-json\/wp\/v2\/posts\/105097\/revisions"}],"predecessor-version":[{"id":105099,"href":"https:\/\/www.actualidadadiario.com\/index.php\/wp-json\/wp\/v2\/posts\/105097\/revisions\/105099"}],"wp:featuredmedia":[{"embeddable":true,"href":"https:\/\/www.actualidadadiario.com\/index.php\/wp-json\/wp\/v2\/media\/105098"}],"wp:attachment":[{"href":"https:\/\/www.actualidadadiario.com\/index.php\/wp-json\/wp\/v2\/media?parent=105097"}],"wp:term":[{"taxonomy":"category","embeddable":true,"href":"https:\/\/www.actualidadadiario.com\/index.php\/wp-json\/wp\/v2\/categories?post=105097"},{"taxonomy":"post_tag","embeddable":true,"href":"https:\/\/www.actualidadadiario.com\/index.php\/wp-json\/wp\/v2\/tags?post=105097"}],"curies":[{"name":"wp","href":"https:\/\/api.w.org\/{rel}","templated":true}]}}