{"id":105095,"date":"2023-07-20T15:11:48","date_gmt":"2023-07-20T18:11:48","guid":{"rendered":"https:\/\/www.actualidadadiario.com\/?p=105095"},"modified":"2023-07-20T15:11:48","modified_gmt":"2023-07-20T18:11:48","slug":"en-apenas-dos-dias-el-centro-del-pais-pasara-de-alerta-por-frio-a-maximas-de-29-grados","status":"publish","type":"post","link":"https:\/\/www.actualidadadiario.com\/index.php\/2023\/07\/20\/en-apenas-dos-dias-el-centro-del-pais-pasara-de-alerta-por-frio-a-maximas-de-29-grados\/","title":{"rendered":"En apenas dos d\u00edas el centro del pa\u00eds pasar\u00e1 de alerta por fr\u00edo a m\u00e1ximas de 29 grados"},"content":{"rendered":"<p style=\"text-align: center;\"><em><strong>Una meteor\u00f3loga del Servicio Meteorol\u00f3gico Nacional (SMN) alert\u00f3 que estas situaciones &#8220;no son at\u00edpicas&#8221;, sino que &#8220;hemos tenido situaciones similares pr\u00e1cticamente todos los inviernos&#8221;<\/strong><\/em><\/p>\n<p>&nbsp;<\/p>\n<p>&nbsp;<\/p>\n<p>La regi\u00f3n central del pa\u00eds vivir\u00e1 un fin de semana primaveral con marcas t\u00e9rmicas m\u00e1ximas que rondar\u00e1n entre los 25 y 29 grados, situaci\u00f3n impensada dos d\u00edas atr\u00e1s cuando se registraban temperaturas bajo cero y m\u00e1s de la mitad del territorio nacional se encontraba bajo alerta amarilla por fr\u00edo, dado el impacto que \u00e9ste puede tener en la salud de la poblaci\u00f3n.<\/p>\n<p>El pasado lunes, trece provincias argentinas ten\u00edan vigentes advertencias de nivel amarillo &#8220;por temperatura extrema: fr\u00edo&#8221; emitidas por el Servicio Meteorol\u00f3gico Nacional (SMN) dado que se considera que las temperaturas registradas en las \u00e1reas cubiertas por las alertas pueden ser peligrosas o causar efectos en la salud de ni\u00f1os, ni\u00f1as y personas mayores y con enfermedades cr\u00f3nicas.<\/p>\n<p>Los sucesivos ingresos de aire proveniente del sur, junto a un centro de alta presi\u00f3n que se ubic\u00f3 sobre el centro del pa\u00eds, provocaron que &#8220;tuvi\u00e9ramos d\u00edas muy muy fr\u00edos&#8221; al principio de la semana, precis\u00f3 Cindy Fern\u00e1ndez, meteor\u00f3loga del SMN.<\/p>\n<p>Con una temperatura real absoluta de -22,5 grados el lunes, la localidad de Perito Moreno, en Santa Cruz fue el lugar m\u00e1s fr\u00edo del pa\u00eds, seguida por ciudades patag\u00f3nicas como Maquinchao (-13); Paso de Indios (-11.7); San Antonio Oeste (-11.2); El Calafate (-10.5) y Gobernador Gregores (-10).<\/p>\n<p>Una situaci\u00f3n meteorol\u00f3gica similar ocurri\u00f3 el martes pasado, jornada en la cual, si bien la Patagonia fue la regi\u00f3n m\u00e1s afectada, se advirtieron marcas t\u00e9rmicas bajo cero en varias localidades bonaerenses y de la regi\u00f3n central de la Argentina.<\/p>\n<p>&#8220;Desde hoy, el sistema de alta presi\u00f3n se comenz\u00f3 a desplazar hacia el oc\u00e9ano Atl\u00e1ntico dejando lugar al avance de fuertes vientos del sector norte que provocar\u00e1 que la circulaci\u00f3n de aire cambie&#8221; y generar\u00e1 un aumento en las marcas t\u00e9rmicas, detall\u00f3 Fern\u00e1ndez.<\/p>\n<p>&#8220;Ingresa mucho viento del norte, de hecho, hay alertas por viento del norte en varias provincias&#8221;, apunt\u00f3 la especialista, y agreg\u00f3 que se trata de &#8220;aire m\u00e1s c\u00e1lido&#8221; y que &#8220;esta situaci\u00f3n se va a mantener casi sin cambio durante varios d\u00edas&#8221;.<\/p>\n<p>&#8220;Vamos a tener varios d\u00edas seguidos con vientos del norte y el aire c\u00e1lido llegando incluso hasta parte norte de la Patagonia, por ende, las temperaturas van a ir subiendo ya que se combina con varios d\u00edas de buen tiempo y cielo despejado&#8221;.<\/p>\n<p>En consecuencia, &#8220;las temperaturas van a aumentar r\u00e1pido y vamos a estar llegando -sobre todo el viernes y el s\u00e1bado, que es cuando se va a estar dando el pico m\u00e1ximo de temperatura- a valores que en el centro del pa\u00eds van a rondar entre los 25 y 29 grados&#8221;, agreg\u00f3 Fern\u00e1ndez.<\/p>\n<p>Esta situaci\u00f3n provocar\u00e1, tambi\u00e9n, aumentos en las marcas t\u00e9rmicas en el norte de la Patagonia con m\u00e1ximas estimadas en 16 grados y en el noreste argentino con temperaturas de 35 grados en Formosa, parte de Salta, el norte del Chaco y de Santiago del Estero, y 32 grados en varias ciudades correntinas.<\/p>\n<p>Las condiciones meteorol\u00f3gicas indican que hasta el viernes se registrar\u00e1n jornadas con &#8220;bastante amplitud t\u00e9rmica&#8221;, es decir, ma\u00f1anas frescas y tardes m\u00e1s c\u00e1lidas, detall\u00f3 la especialista.<\/p>\n<p>Fern\u00e1ndez remarc\u00f3 que estas situaciones &#8220;no son at\u00edpicas, hemos tenido situaciones similares pr\u00e1cticamente todos los inviernos, no es raro que tengamos cambios marcados de temperatura&#8221;.<\/p>\n<p>Por otro lado, la especialista remarc\u00f3 que &#8220;en los \u00faltimos a\u00f1os, hay una clara tendencia a que las temperaturas est\u00e9n por encima del promedio&#8221; y que estas situaciones son consecuencia &#8220;del cambio clim\u00e1tico que, entre otras cosas, provoca estos tipos de incrementos&#8221;.<\/p>\n<p>&#8220;Es posible que, en el futuro, estas irrupciones de aire c\u00e1lido sean cada vez m\u00e1s frecuentes o es posible que alcancen valores cada vez m\u00e1s altos&#8221;, sentenci\u00f3 la meteor\u00f3loga.<\/p>\n<p>En este sentido, ejemplific\u00f3 que &#8220;cada vez son menos frecuentes las heladas. La \u00faltima vez que se registraron temperaturas bajo cero en la Ciudad de Buenos Aires fue en 2011, hace trece a\u00f1os&#8221;, y remarc\u00f3 que una de las consecuencias directas del cambio clim\u00e1tico es el aumento de temperatura.<\/p>\n<p>&#8220;En Argentina, en particular, se advierte un aumento de las temperaturas m\u00ednimas&#8221;, agreg\u00f3.<\/p>\n<p>A principios de junio, el SMN emiti\u00f3 un informe que rige para los tres meses siguientes en el que advirti\u00f3 que hay una &#8220;mayor probabilidad&#8221; de que se registren, en promedio, temperaturas superiores a las normales en las regiones del Noroeste (NOA), Cuyo, Litoral y el este de Buenos Aires.<\/p>\n<p>En tanto, en las provincias de C\u00f3rdoba y La Pampa, el oeste de Santa Fe y oeste de Buenos Aires se prev\u00e9n valores normales o superiores a los normales.<\/p>\n<p>Con tanto cambio de temperatura provocado por una climatolog\u00eda tan cambiante es frecuente que se recurra al aire acondicionado, sistemas de calefacci\u00f3n o ventiladores para lograr una h\u00e1bitat confortable. Pero, \u00bfqu\u00e9 consecuencias tiene para la salud el uso de estos sistemas de ambientaci\u00f3n?<\/p>\n<p>Para el m\u00e9dico cl\u00ednico Ramiro Heredia, &#8220;lo que genera el fr\u00edo es una disminuci\u00f3n de las defensas. Al respirar, ingresan al cuerpo part\u00edculas, virus, bacterias y distintos agentes que nuestro sistema respiratorio e inmune intentan eliminar\u201d.<\/p>\n<p>Seg\u00fan este especialista del Hospital de Cl\u00ednicas, dentro de nuestro sistema respiratorio tenemos vellosidades que funcionan como una gran cinta transportadora de todo lo que se deposita sobre ellas, estos vellos funcionan sincr\u00f3nicamente llevando todo a nuestra boca.<\/p>\n<p>Pero cuando hace fr\u00edo ese aparato es menos eficiente: \u201cesa menor eficiencia genera que se acumulen m\u00e1s part\u00edculas, que a su vez acumulan m\u00e1s virus y bacterias que llegan a la v\u00eda respiratoria baja porque no la expectoramos como deber\u00edamos, y eso genera que nos enfermemos m\u00e1s\u201d, explic\u00f3.<\/p>\n<p>De acuerdo a lo manifestado por Heredia, no hay evidencias de que los cambios abruptos a los que nos veremos expuestos esta semana afecte nuestra salud, pero s\u00ed lo hace exponernos a muy bajas temperaturas.<\/p>\n<p>&#8220;Nos enfermamos con el uso del aire acondicionado&#8221;, dijo.<\/p>\n<p>Las bajas temperaturas pueden \u201cgenerar tos y un mont\u00f3n de s\u00edntomas que son una causa muy importante del deterioro de nuestra calidad de vida y de nuestro sue\u00f1o nocturno como as\u00ed tambi\u00e9n ausentismo laboral con la baja de productividad y lo que implica\u201d, concluy\u00f3.<\/p>\n<p>Para la dermat\u00f3loga pediatra infantil Jimena Mart\u00ednez, &#8220;los cambios bruscos de temperatura, adem\u00e1s de deshidratar la piel pueden provocar que los vasitos sangu\u00edneos de la piel se dilaten generando telangiectasias\u201d, un tipo de ara\u00f1as vasculares o dilataciones de capilares peque\u00f1os y de los vasos superficiales que provocan lesiones de color rojo brillante.<\/p>\n<p>La especialista explic\u00f3 que cuando la piel no est\u00e1 adecuadamente humectada no funciona como deber\u00eda la barrera de la piel.<\/p>\n<p>\u201cCon el fr\u00edo se puede deshidratar. A los pacientes que tienen este tipo de tendencia les puede aparecer saba\u00f1ones en los dedos, la punta de la nariz o en las orejas, o lesiones rojo viol\u00e1ceas que duelen y son bastante molestas\u201d, advirti\u00f3.<\/p>\n<p>Seg\u00fan la dermat\u00f3loga, se recomienda mantener la humectaci\u00f3n que la piel perdi\u00f3 con los cambios bruscos de temperatura, para ayudar a que la dermis cumpla adecuadamente su funci\u00f3n de barrera, y cubrirse la nariz, orejas y dedos para que no est\u00e9n en contacto directo con el fr\u00edo.<\/p>\n","protected":false},"excerpt":{"rendered":"<p>Una meteor\u00f3loga del Servicio Meteorol\u00f3gico Nacional (SMN) alert\u00f3 que estas situaciones &#8220;no son at\u00edpicas&#8221;, sino que &#8220;hemos tenido situaciones similares pr\u00e1cticamente todos los inviernos&#8221; &nbsp; &nbsp; La regi\u00f3n central del pa\u00eds vivir\u00e1 un fin de semana primaveral con marcas t\u00e9rmicas m\u00e1ximas que rondar\u00e1n entre los 25 y 29 grados, situaci\u00f3n impensada dos d\u00edas atr\u00e1s cuando se registraban temperaturas bajo cero y m\u00e1s de la mitad del territorio nacional se encontraba bajo alerta amarilla por fr\u00edo, dado el impacto que \u00e9ste puede tener en la salud de la poblaci\u00f3n. El pasado&#8230;<\/p>\n","protected":false},"author":3,"featured_media":89008,"comment_status":"closed","ping_status":"closed","sticky":false,"template":"","format":"standard","meta":[],"categories":[2],"tags":[],"_links":{"self":[{"href":"https:\/\/www.actualidadadiario.com\/index.php\/wp-json\/wp\/v2\/posts\/105095"}],"collection":[{"href":"https:\/\/www.actualidadadiario.com\/index.php\/wp-json\/wp\/v2\/posts"}],"about":[{"href":"https:\/\/www.actualidadadiario.com\/index.php\/wp-json\/wp\/v2\/types\/post"}],"author":[{"embeddable":true,"href":"https:\/\/www.actualidadadiario.com\/index.php\/wp-json\/wp\/v2\/users\/3"}],"replies":[{"embeddable":true,"href":"https:\/\/www.actualidadadiario.com\/index.php\/wp-json\/wp\/v2\/comments?post=105095"}],"version-history":[{"count":1,"href":"https:\/\/www.actualidadadiario.com\/index.php\/wp-json\/wp\/v2\/posts\/105095\/revisions"}],"predecessor-version":[{"id":105096,"href":"https:\/\/www.actualidadadiario.com\/index.php\/wp-json\/wp\/v2\/posts\/105095\/revisions\/105096"}],"wp:featuredmedia":[{"embeddable":true,"href":"https:\/\/www.actualidadadiario.com\/index.php\/wp-json\/wp\/v2\/media\/89008"}],"wp:attachment":[{"href":"https:\/\/www.actualidadadiario.com\/index.php\/wp-json\/wp\/v2\/media?parent=105095"}],"wp:term":[{"taxonomy":"category","embeddable":true,"href":"https:\/\/www.actualidadadiario.com\/index.php\/wp-json\/wp\/v2\/categories?post=105095"},{"taxonomy":"post_tag","embeddable":true,"href":"https:\/\/www.actualidadadiario.com\/index.php\/wp-json\/wp\/v2\/tags?post=105095"}],"curies":[{"name":"wp","href":"https:\/\/api.w.org\/{rel}","templated":true}]}}