{"id":105081,"date":"2023-07-20T11:57:11","date_gmt":"2023-07-20T14:57:11","guid":{"rendered":"https:\/\/www.actualidadadiario.com\/?p=105081"},"modified":"2023-07-20T11:57:11","modified_gmt":"2023-07-20T14:57:11","slug":"afirman-que-las-tasas-de-suicidio-en-la-provincia-historicamente-han-superado-las-tasas-nacionales","status":"publish","type":"post","link":"https:\/\/www.actualidadadiario.com\/index.php\/2023\/07\/20\/afirman-que-las-tasas-de-suicidio-en-la-provincia-historicamente-han-superado-las-tasas-nacionales\/","title":{"rendered":"Afirman que \u201clas tasas de suicidio en la provincia hist\u00f3ricamente han superado las tasas nacionales\u201d"},"content":{"rendered":"<p style=\"text-align: center;\"><em><strong>La coordinadora de la l\u00ednea provincial de Orientaci\u00f3n y Apoyo en la Urgencia de Salud Mental, Delfina No\u00e9, sostuvo que \u201clas tasas de suicidio en la provincia hist\u00f3ricamente han superado las tasas nacionales\u201d. \u201cTrabajamos los siete d\u00edas de la semana las 24 horas del d\u00eda para toda la poblaci\u00f3n de Entre R\u00edos\u201d, afirm\u00f3<\/strong><\/em><\/p>\n<p>&nbsp;<\/p>\n<p>&nbsp;<\/p>\n<p>Desde el Ministerio de Salud de Entre R\u00edos, a trav\u00e9s del Programa de Prevenci\u00f3n del Suicidio se hace hincapi\u00e9 en la necesidad de que el abordaje medi\u00e1tico de todas las problem\u00e1ticas de salud mental, inclusive las autodeterminaciones, sea respetuoso y responsable para as\u00ed brindar herramientas que refuercen, favorezcan y propicien la prevenci\u00f3n de estas situaciones y fortalecer los factores de cuidado.<\/p>\n<p>\u201cLa problem\u00e1tica del suicidio es social y multicausal, entendida dentro de las violencias, y requiere diversas estrategias de salud p\u00fablica para la prevenci\u00f3n, atenci\u00f3n y posvenci\u00f3n en su tratamiento integral e interdisciplinario, dado que emerge en un contexto social y cultural en particular\u201d, destac\u00f3 la coordinadora de dicho programa, Anabel Hilgenberg.<\/p>\n<p>Asimismo, Hilgenberg hizo referencia a las se\u00f1ales de alerta \u2013tales como el aislamiento, la persistencia de ideas negativas, las alteraciones del sue\u00f1o o los cambios bruscos de conducta\u2013, que son aquellas manifestaciones de sufrimiento de las personas que hay que detectar para un acompa\u00f1amiento oportuno.<\/p>\n<p>La referente analiz\u00f3, adem\u00e1s, que la pandemia no solo increment\u00f3 la demanda de consulta por problem\u00e1ticas de salud mental, sino que tambi\u00e9n se est\u00e1 hablando de salud mental, mucho m\u00e1s que antes.<\/p>\n<p>Por su parte, la coordinadora de la l\u00ednea provincial de Orientaci\u00f3n y Apoyo en la Urgencia de Salud Mental, Delfina No\u00e9, evalu\u00f3 que las tasas de suicidio en la provincia hist\u00f3ricamente han superado las tasas nacionales.<\/p>\n<p>\u201cTrabajamos los siete d\u00edas de la semana las 24 horas del d\u00eda para toda la poblaci\u00f3n de Entre R\u00edos\u201d, afirm\u00f3. De esta manera se busca garantizar la accesibilidad teniendo en cuenta que no es necesario disponer de cr\u00e9dito para comunicarse con el 0800-777-2100.<\/p>\n<p>\u201cSe hace una escucha activa, atenta, cuidada para poder elaborar un diagn\u00f3stico de la situaci\u00f3n y pensar la estrategia que m\u00e1s se adec\u00fae y as\u00ed brindar informaci\u00f3n confiable; realizar el seguimiento y derivar a establecimientos de salud\u201d, refiri\u00f3.<\/p>\n","protected":false},"excerpt":{"rendered":"<p>La coordinadora de la l\u00ednea provincial de Orientaci\u00f3n y Apoyo en la Urgencia de Salud Mental, Delfina No\u00e9, sostuvo que \u201clas tasas de suicidio en la provincia hist\u00f3ricamente han superado las tasas nacionales\u201d. \u201cTrabajamos los siete d\u00edas de la semana las 24 horas del d\u00eda para toda la poblaci\u00f3n de Entre R\u00edos\u201d, afirm\u00f3 &nbsp; &nbsp; Desde el Ministerio de Salud de Entre R\u00edos, a trav\u00e9s del Programa de Prevenci\u00f3n del Suicidio se hace hincapi\u00e9 en la necesidad de que el abordaje medi\u00e1tico de todas las problem\u00e1ticas de salud mental, inclusive&#8230;<\/p>\n","protected":false},"author":3,"featured_media":105082,"comment_status":"closed","ping_status":"closed","sticky":false,"template":"","format":"standard","meta":[],"categories":[9,15],"tags":[],"_links":{"self":[{"href":"https:\/\/www.actualidadadiario.com\/index.php\/wp-json\/wp\/v2\/posts\/105081"}],"collection":[{"href":"https:\/\/www.actualidadadiario.com\/index.php\/wp-json\/wp\/v2\/posts"}],"about":[{"href":"https:\/\/www.actualidadadiario.com\/index.php\/wp-json\/wp\/v2\/types\/post"}],"author":[{"embeddable":true,"href":"https:\/\/www.actualidadadiario.com\/index.php\/wp-json\/wp\/v2\/users\/3"}],"replies":[{"embeddable":true,"href":"https:\/\/www.actualidadadiario.com\/index.php\/wp-json\/wp\/v2\/comments?post=105081"}],"version-history":[{"count":1,"href":"https:\/\/www.actualidadadiario.com\/index.php\/wp-json\/wp\/v2\/posts\/105081\/revisions"}],"predecessor-version":[{"id":105083,"href":"https:\/\/www.actualidadadiario.com\/index.php\/wp-json\/wp\/v2\/posts\/105081\/revisions\/105083"}],"wp:featuredmedia":[{"embeddable":true,"href":"https:\/\/www.actualidadadiario.com\/index.php\/wp-json\/wp\/v2\/media\/105082"}],"wp:attachment":[{"href":"https:\/\/www.actualidadadiario.com\/index.php\/wp-json\/wp\/v2\/media?parent=105081"}],"wp:term":[{"taxonomy":"category","embeddable":true,"href":"https:\/\/www.actualidadadiario.com\/index.php\/wp-json\/wp\/v2\/categories?post=105081"},{"taxonomy":"post_tag","embeddable":true,"href":"https:\/\/www.actualidadadiario.com\/index.php\/wp-json\/wp\/v2\/tags?post=105081"}],"curies":[{"name":"wp","href":"https:\/\/api.w.org\/{rel}","templated":true}]}}