{"id":105079,"date":"2023-07-20T11:56:22","date_gmt":"2023-07-20T14:56:22","guid":{"rendered":"https:\/\/www.actualidadadiario.com\/?p=105079"},"modified":"2023-07-20T11:56:22","modified_gmt":"2023-07-20T14:56:22","slug":"se-reglamento-el-nuevo-regimen-de-proteccion-prevencion-y-asistencia-de-la-violencia-por-razones-de-genero","status":"publish","type":"post","link":"https:\/\/www.actualidadadiario.com\/index.php\/2023\/07\/20\/se-reglamento-el-nuevo-regimen-de-proteccion-prevencion-y-asistencia-de-la-violencia-por-razones-de-genero\/","title":{"rendered":"Se reglament\u00f3 el nuevo R\u00e9gimen de Protecci\u00f3n, Prevenci\u00f3n y Asistencia de la Violencia por Razones de G\u00e9nero"},"content":{"rendered":"<p style=\"text-align: center;\"><em><strong>La ley que fue sancionada hace m\u00e1s de un a\u00f1o, se reglament\u00f3 y fue publicada en el Bolet\u00edn Oficial de la Provincia. Esta norma defiende la protecci\u00f3n integral de las infancias, las adultas mayores, las mujeres con discapacidad, el colectivo Lgbtq+ y el Derecho a la Salud Mental<\/strong><\/em><\/p>\n<p>&nbsp;<\/p>\n<p>&nbsp;<\/p>\n<p>El proyecto hab\u00eda sido presentado por el Poder Ejecutivo provincial y tuvo media sanci\u00f3n en el Senado el 6 de octubre de 2021. Luego fue tratada el 16 de\u00a0 marzo de 2022 en Diputados y volvi\u00f3 en revisi\u00f3n al Senado, que el 23 de marzo la aprob\u00f3.<\/p>\n<p>La ley N\u00b0 10.956 fue reglamentada y se public\u00f3 en el Bolet\u00edn Oficial de Entre R\u00edos N\u00ba 27.652 del mi\u00e9rcoles 19 de julio de 2023.<\/p>\n<p>Se trata de una norma que \u2013en\u00a0 el marco de la ley nacional de protecci\u00f3n integral para las mujeres (N\u00ba26.485)- recoge experiencias de trabajo de distintos espacios, y\u00a0 plantea principios de interpretaci\u00f3n y perspectivas, de acuerdo a las realidades de las mujeres entrerrianas, dando cuenta de las interseccionalidades.<\/p>\n<p>&nbsp;<\/p>\n<p><strong>El proyecto<\/strong><\/p>\n<p>La elaboraci\u00f3n del proyecto fue una iniciativa de la vicegobernadora Laura Stratta que contempl\u00f3 la revisi\u00f3n de la legislaci\u00f3n y pr\u00e1cticas actuales con la voluntad de mejorar los sistemas y evitar que cada situaci\u00f3n de vulneraci\u00f3n de derechos quede desprotegida por falta de marco legal. Para ello se llevaron adelante distintas instancias de intercambio, en el marco de la Red para la Igualdad y reuniones de trabajo, para recoger la experiencia de diferentes sectores.<\/p>\n<p>El objeto de esta ley es la protecci\u00f3n integral de las mujeres, bajo la mirada de los principios ya consagrados, la perspectiva de los derechos humanos, el derecho a vivir una vida libre de violencias, el respeto a la dignidad de las personas y el acceso a justicia, dentro de las principales premisas.<\/p>\n","protected":false},"excerpt":{"rendered":"<p>La ley que fue sancionada hace m\u00e1s de un a\u00f1o, se reglament\u00f3 y fue publicada en el Bolet\u00edn Oficial de la Provincia. Esta norma defiende la protecci\u00f3n integral de las infancias, las adultas mayores, las mujeres con discapacidad, el colectivo Lgbtq+ y el Derecho a la Salud Mental &nbsp; &nbsp; El proyecto hab\u00eda sido presentado por el Poder Ejecutivo provincial y tuvo media sanci\u00f3n en el Senado el 6 de octubre de 2021. Luego fue tratada el 16 de\u00a0 marzo de 2022 en Diputados y volvi\u00f3 en revisi\u00f3n al Senado,&#8230;<\/p>\n","protected":false},"author":3,"featured_media":98757,"comment_status":"closed","ping_status":"closed","sticky":false,"template":"","format":"standard","meta":[],"categories":[9,15],"tags":[],"_links":{"self":[{"href":"https:\/\/www.actualidadadiario.com\/index.php\/wp-json\/wp\/v2\/posts\/105079"}],"collection":[{"href":"https:\/\/www.actualidadadiario.com\/index.php\/wp-json\/wp\/v2\/posts"}],"about":[{"href":"https:\/\/www.actualidadadiario.com\/index.php\/wp-json\/wp\/v2\/types\/post"}],"author":[{"embeddable":true,"href":"https:\/\/www.actualidadadiario.com\/index.php\/wp-json\/wp\/v2\/users\/3"}],"replies":[{"embeddable":true,"href":"https:\/\/www.actualidadadiario.com\/index.php\/wp-json\/wp\/v2\/comments?post=105079"}],"version-history":[{"count":1,"href":"https:\/\/www.actualidadadiario.com\/index.php\/wp-json\/wp\/v2\/posts\/105079\/revisions"}],"predecessor-version":[{"id":105080,"href":"https:\/\/www.actualidadadiario.com\/index.php\/wp-json\/wp\/v2\/posts\/105079\/revisions\/105080"}],"wp:featuredmedia":[{"embeddable":true,"href":"https:\/\/www.actualidadadiario.com\/index.php\/wp-json\/wp\/v2\/media\/98757"}],"wp:attachment":[{"href":"https:\/\/www.actualidadadiario.com\/index.php\/wp-json\/wp\/v2\/media?parent=105079"}],"wp:term":[{"taxonomy":"category","embeddable":true,"href":"https:\/\/www.actualidadadiario.com\/index.php\/wp-json\/wp\/v2\/categories?post=105079"},{"taxonomy":"post_tag","embeddable":true,"href":"https:\/\/www.actualidadadiario.com\/index.php\/wp-json\/wp\/v2\/tags?post=105079"}],"curies":[{"name":"wp","href":"https:\/\/api.w.org\/{rel}","templated":true}]}}