{"id":105076,"date":"2023-07-20T11:55:34","date_gmt":"2023-07-20T14:55:34","guid":{"rendered":"https:\/\/www.actualidadadiario.com\/?p=105076"},"modified":"2023-07-20T11:55:34","modified_gmt":"2023-07-20T14:55:34","slug":"encontraron-fosiles-de-un-pelicano-que-habito-en-entre-rios","status":"publish","type":"post","link":"https:\/\/www.actualidadadiario.com\/index.php\/2023\/07\/20\/encontraron-fosiles-de-un-pelicano-que-habito-en-entre-rios\/","title":{"rendered":"Encontraron f\u00f3siles de un pel\u00edcano que habit\u00f3 en Entre R\u00edos"},"content":{"rendered":"<p><em><strong>Es un ejemplar desconocido de las familias de los pel\u00edcanos que habr\u00eda estado en la provincia de Entre R\u00edos hace 10 millones de a\u00f1os. Cient\u00edficos del Conicet en Entre R\u00edos lo localizaron en Victoria<\/strong><\/em><\/p>\n<p>&nbsp;<\/p>\n<p>&nbsp;<\/p>\n<p>Se hall\u00f3 el ejemplar de un pel\u00edcano que vivi\u00f3 en Entre R\u00edos hace 10 millones de a\u00f1os. Se trata de un ejemplar nunca antes visto y que fue hallado por cient\u00edficos del Conicet en conjunto con la Universidad Aut\u00f3noma de Entre R\u00edos y la Nacional de La Plata y la Fundaci\u00f3n F\u00e9lix de Azara. Los expertos consideran que se trata del primer grupo de estas aves en Argentina y el m\u00e1s austral de la regi\u00f3n sudamericana.<\/p>\n<p>Cient\u00edficos del Conicet en Entre R\u00edos identificaron un ejemplar f\u00f3sil de pel\u00edcano de una especie hasta ahora desconocida hallado cerca de la ciudad de Victoria, donde se calcula que vivi\u00f3 hace entre 7 y 10 millones de a\u00f1os. Es el primer registro de este grupo de aves para la Argentina y el m\u00e1s austral del continente sudamericano. Lo bautizaron Pelecanus paranensis.<\/p>\n<p>El descubrimiento es un logro compartido por especialistas del Centro de Investigaci\u00f3n Cient\u00edfica y Transferencia de Tecnolog\u00eda a la Producci\u00f3n (doble dependencia de Conicet y Universidad Aut\u00f3noma de Entre R\u00edos), de la Universidad Nacional de La Plata y un colega de la Fundaci\u00f3n de Historia Natural F\u00e9lix de Azara (Universidad Maim\u00f3nides). El trabajo fue presentado en la revista Journal of Vertebrate Paleontology.<\/p>\n<p>Los restos del ejemplar (una cintura p\u00e9lvica casi completa), fueron hallados en sedimentos marinos de la Formaci\u00f3n Paran\u00e1, en cercan\u00edas de Victoria. Jorge Noriega, investigador del Conicet y primer autor del trabajo, explic\u00f3 que \u201clas caracter\u00edsticas del ejemplar permiten ubicarlo como cercano a los representantes de pel\u00edcanos del Nuevo Mundo, lo que supone una ruta transatl\u00e1ntica en la dispersi\u00f3n de estas aves desde el Viejo Mundo (Eurasia\/\u00c1frica) hacia Am\u00e9rica\u201d. Agreg\u00f3 que el Pelecanus paranensis que vivi\u00f3 en Entre R\u00edos hace m\u00e1s de 7 millones de a\u00f1os es pariente de \u201clos actuales pel\u00edcanos marrones con h\u00e1bitats en el Caribe y norte de Brasil\u201c, sostuvo en El Ciudadano.<\/p>\n<p>&nbsp;<\/p>\n<p><strong>Rastreando el pasado<\/strong><\/p>\n<p>Diego Brandoni, coautor de la publicaci\u00f3n y tambi\u00e9n investigador del Conicet, explic\u00f3 que \u201cel estudio de Pelecanus paranensis se encuentra enmarcado en un proyecto cuyo principal objetivo es determinar la diversidad de vertebrados f\u00f3siles del Ne\u00f3geno (entre 23 y 2,6 millones de a\u00f1os atr\u00e1s, lo que antes se denominaba Terciario Superior) de la Regi\u00f3n Mesopot\u00e1mica.<\/p>\n<p>El trabajo se realiza desde el Laboratorio de Paleontolog\u00eda de Vertebrados, en Diamante. Desde 1997, ese centro de investigaci\u00f3n \u201clleva adelante varios proyectos y lidera los estudios geo-paleontol\u00f3gicos en Entre R\u00edos a trav\u00e9s de la reconstrucci\u00f3n de los paleoambientes del Cenozoico y de las faunas de vertebrados asociadas a distintos momentos del tiempo geol\u00f3gico\u201d, refiri\u00f3 Brandoni.<\/p>\n<p>El investigador destac\u00f3 que \u201cel registro de Pelecanus paranensis se suma a una serie de nuevos hallazgos entre los que se destacan nuevos ejemplares de cocodrilos, anfibios y peces, los que incrementan la diversidad de vertebrados f\u00f3siles para la regi\u00f3n\u201d.<\/p>\n<p>&nbsp;<\/p>\n","protected":false},"excerpt":{"rendered":"<p>Es un ejemplar desconocido de las familias de los pel\u00edcanos que habr\u00eda estado en la provincia de Entre R\u00edos hace 10 millones de a\u00f1os. Cient\u00edficos del Conicet en Entre R\u00edos lo localizaron en Victoria &nbsp; &nbsp; Se hall\u00f3 el ejemplar de un pel\u00edcano que vivi\u00f3 en Entre R\u00edos hace 10 millones de a\u00f1os. Se trata de un ejemplar nunca antes visto y que fue hallado por cient\u00edficos del Conicet en conjunto con la Universidad Aut\u00f3noma de Entre R\u00edos y la Nacional de La Plata y la Fundaci\u00f3n F\u00e9lix de Azara&#8230;.<\/p>\n","protected":false},"author":3,"featured_media":105077,"comment_status":"closed","ping_status":"closed","sticky":false,"template":"","format":"standard","meta":[],"categories":[15],"tags":[],"_links":{"self":[{"href":"https:\/\/www.actualidadadiario.com\/index.php\/wp-json\/wp\/v2\/posts\/105076"}],"collection":[{"href":"https:\/\/www.actualidadadiario.com\/index.php\/wp-json\/wp\/v2\/posts"}],"about":[{"href":"https:\/\/www.actualidadadiario.com\/index.php\/wp-json\/wp\/v2\/types\/post"}],"author":[{"embeddable":true,"href":"https:\/\/www.actualidadadiario.com\/index.php\/wp-json\/wp\/v2\/users\/3"}],"replies":[{"embeddable":true,"href":"https:\/\/www.actualidadadiario.com\/index.php\/wp-json\/wp\/v2\/comments?post=105076"}],"version-history":[{"count":1,"href":"https:\/\/www.actualidadadiario.com\/index.php\/wp-json\/wp\/v2\/posts\/105076\/revisions"}],"predecessor-version":[{"id":105078,"href":"https:\/\/www.actualidadadiario.com\/index.php\/wp-json\/wp\/v2\/posts\/105076\/revisions\/105078"}],"wp:featuredmedia":[{"embeddable":true,"href":"https:\/\/www.actualidadadiario.com\/index.php\/wp-json\/wp\/v2\/media\/105077"}],"wp:attachment":[{"href":"https:\/\/www.actualidadadiario.com\/index.php\/wp-json\/wp\/v2\/media?parent=105076"}],"wp:term":[{"taxonomy":"category","embeddable":true,"href":"https:\/\/www.actualidadadiario.com\/index.php\/wp-json\/wp\/v2\/categories?post=105076"},{"taxonomy":"post_tag","embeddable":true,"href":"https:\/\/www.actualidadadiario.com\/index.php\/wp-json\/wp\/v2\/tags?post=105076"}],"curies":[{"name":"wp","href":"https:\/\/api.w.org\/{rel}","templated":true}]}}