{"id":105059,"date":"2023-07-19T15:04:02","date_gmt":"2023-07-19T18:04:02","guid":{"rendered":"https:\/\/www.actualidadadiario.com\/?p=105059"},"modified":"2023-07-19T15:04:02","modified_gmt":"2023-07-19T18:04:02","slug":"la-temperatura-en-las-costas-de-espana-alcanzo-un-maximo-historico","status":"publish","type":"post","link":"https:\/\/www.actualidadadiario.com\/index.php\/2023\/07\/19\/la-temperatura-en-las-costas-de-espana-alcanzo-un-maximo-historico\/","title":{"rendered":"La temperatura en las costas de Espa\u00f1a alcanz\u00f3 un m\u00e1ximo hist\u00f3rico"},"content":{"rendered":"<p style=\"text-align: center;\"><em><strong>En un contexto de calentamiento global de los oc\u00e9anos, la m\u00e1xima del mar lleg\u00f3 a un promedio de 24,6 \u00b0C a mediados de julio, unos 2,2 grados m\u00e1s de lo habitual para la temporada<\/strong><\/em><\/p>\n<p>&nbsp;<\/p>\n<p>&nbsp;<\/p>\n<p>La temperatura del agua en las costas de Espa\u00f1a alcanz\u00f3 un m\u00e1ximo hist\u00f3rico para esta \u00e9poca, inform\u00f3 la Agencia Estatal de Meteorolog\u00eda (Aemet), que mantiene en alerta a parte del pa\u00eds por la ola de calor.<\/p>\n<p>En las zonas costeras espa\u00f1olas, la temperatura del mar alcanz\u00f3 una media de 24,6 \u00b0C a mediados de julio, unos 2,2 grados m\u00e1s de lo habitual para la temporada, seg\u00fan Aemet.<\/p>\n<p>La cifra supera &#8220;ampliamente los registros de los dos a\u00f1os previamente m\u00e1s c\u00e1lidos&#8221; cuando en 2015 se registraron 24 \u00b0C y en 2022 (23,7 \u00b0C) y no tiene &#8220;precedentes a mediados de julio en toda la serie hist\u00f3rica&#8221; que se inici\u00f3 en 1940, indic\u00f3 la Aemet a trav\u00e9s de Twitter.<\/p>\n<p>En un contexto de calentamiento global de los oc\u00e9anos, la situaci\u00f3n es a\u00fan m\u00e1s preocupante ya que el verano est\u00e1 lejos de terminar, afirm\u00f3 un portavoz de la Aemet, Rub\u00e9n del Campo.<\/p>\n<p>&#8220;Todav\u00eda hay recorrido para que el mar se siga calentando m\u00e1s&#8221;, tanto en el Mediterr\u00e1neo como en el Atl\u00e1ntico, dijo Del Campo, quien precis\u00f3 que se registraron temperaturas por encima de 28 \u00baC en el extremo sureste de la pen\u00ednsula en el Mediterr\u00e1neo, seg\u00fan consign\u00f3 la agencia de noticias AFP.<\/p>\n<p>&nbsp;<\/p>\n<p><strong>La tercera ola de calor del verano<\/strong><\/p>\n<p>Espa\u00f1a sufre desde comienzos de semana una ola de calor, la tercera del verano, como consecuencia del anticicl\u00f3n Caronte en el oeste de la cuenca mediterr\u00e1nea.<\/p>\n<p>El martes, los term\u00f3metros marcaron 45,4 \u00b0C en Figueres, Catalu\u00f1a, un r\u00e9cord absoluto para la regi\u00f3n del noreste de Espa\u00f1a, seg\u00fan la Aemet. El organismo meteorol\u00f3gico mantuvo este mi\u00e9rcoles en alerta roja a varias provincias del pa\u00eds.<\/p>\n<p>Seg\u00fan Del Campo, la temperatura alcanzar\u00e1 entre 38 y 42 \u00b0C en el sureste de la pen\u00ednsula ib\u00e9rica y podr\u00eda superar los 44 \u00b0C en zonas de Alicante, Murcia y Almer\u00eda.<\/p>\n<p>En casi toda Espa\u00f1a, salvo zonas del norte, hay riesgo &#8220;muy alto&#8221; o &#8220;extremo&#8221; de incendios forestales.<\/p>\n<p>En la isla de La Palma, en el archipi\u00e9lago atl\u00e1ntico de Canarias, un incendio forestal, que ya quem\u00f3 3.500 hect\u00e1reas y oblig\u00f3 la evacuaci\u00f3n temporal de 4.000 personas, sigue ardiendo, aunque est\u00e1 en v\u00edas de ser controlado, seg\u00fan autoridades locales.<\/p>\n","protected":false},"excerpt":{"rendered":"<p>En un contexto de calentamiento global de los oc\u00e9anos, la m\u00e1xima del mar lleg\u00f3 a un promedio de 24,6 \u00b0C a mediados de julio, unos 2,2 grados m\u00e1s de lo habitual para la temporada &nbsp; &nbsp; La temperatura del agua en las costas de Espa\u00f1a alcanz\u00f3 un m\u00e1ximo hist\u00f3rico para esta \u00e9poca, inform\u00f3 la Agencia Estatal de Meteorolog\u00eda (Aemet), que mantiene en alerta a parte del pa\u00eds por la ola de calor. En las zonas costeras espa\u00f1olas, la temperatura del mar alcanz\u00f3 una media de 24,6 \u00b0C a mediados de&#8230;<\/p>\n","protected":false},"author":3,"featured_media":100778,"comment_status":"closed","ping_status":"closed","sticky":false,"template":"","format":"standard","meta":[],"categories":[4],"tags":[],"_links":{"self":[{"href":"https:\/\/www.actualidadadiario.com\/index.php\/wp-json\/wp\/v2\/posts\/105059"}],"collection":[{"href":"https:\/\/www.actualidadadiario.com\/index.php\/wp-json\/wp\/v2\/posts"}],"about":[{"href":"https:\/\/www.actualidadadiario.com\/index.php\/wp-json\/wp\/v2\/types\/post"}],"author":[{"embeddable":true,"href":"https:\/\/www.actualidadadiario.com\/index.php\/wp-json\/wp\/v2\/users\/3"}],"replies":[{"embeddable":true,"href":"https:\/\/www.actualidadadiario.com\/index.php\/wp-json\/wp\/v2\/comments?post=105059"}],"version-history":[{"count":1,"href":"https:\/\/www.actualidadadiario.com\/index.php\/wp-json\/wp\/v2\/posts\/105059\/revisions"}],"predecessor-version":[{"id":105060,"href":"https:\/\/www.actualidadadiario.com\/index.php\/wp-json\/wp\/v2\/posts\/105059\/revisions\/105060"}],"wp:featuredmedia":[{"embeddable":true,"href":"https:\/\/www.actualidadadiario.com\/index.php\/wp-json\/wp\/v2\/media\/100778"}],"wp:attachment":[{"href":"https:\/\/www.actualidadadiario.com\/index.php\/wp-json\/wp\/v2\/media?parent=105059"}],"wp:term":[{"taxonomy":"category","embeddable":true,"href":"https:\/\/www.actualidadadiario.com\/index.php\/wp-json\/wp\/v2\/categories?post=105059"},{"taxonomy":"post_tag","embeddable":true,"href":"https:\/\/www.actualidadadiario.com\/index.php\/wp-json\/wp\/v2\/tags?post=105059"}],"curies":[{"name":"wp","href":"https:\/\/api.w.org\/{rel}","templated":true}]}}