{"id":105056,"date":"2023-07-19T15:03:10","date_gmt":"2023-07-19T18:03:10","guid":{"rendered":"https:\/\/www.actualidadadiario.com\/?p=105056"},"modified":"2023-07-19T15:03:10","modified_gmt":"2023-07-19T18:03:10","slug":"francia-dictaron-prision-efectiva-a-mas-de-700-personas-por-las-protestas","status":"publish","type":"post","link":"https:\/\/www.actualidadadiario.com\/index.php\/2023\/07\/19\/francia-dictaron-prision-efectiva-a-mas-de-700-personas-por-las-protestas\/","title":{"rendered":"Francia: dictaron prisi\u00f3n efectiva a m\u00e1s de 700 personas por las protestas"},"content":{"rendered":"<p style=\"text-align: center;\"><em><strong>Despu\u00e9s de varias semanas de disturbios y protestas en todo el pa\u00eds por el caso de gatillo f\u00e1cil, el gobierno busca controlar la violencia en las calles<\/strong><\/em><\/p>\n<p>&nbsp;<\/p>\n<p>&nbsp;<\/p>\n<p>La justicia de Francia conden\u00f3 a m\u00e1s de 1000 personas por las protestas llevadas a cabo en junio despu\u00e9s del caso de gatillo f\u00e1cil a manos de la polic\u00eda. 700 de ellas fueron detenidas con prisi\u00f3n efectiva por m\u00e1s de ocho meses, seg\u00fan informaron este mi\u00e9rcoles las autoridades.<\/p>\n<p>Desde la primera manifestaci\u00f3n, los tribunales dictaron 1.278 sentencias, entre ellas 95% condenatorias, indic\u00f3 el ministro de Justicia, \u00c9ric Dupond-Moretti en la radio RTL. Un total de 1.056 personas fueron condenadas a prisi\u00f3n, entre ellas 742 a penas de c\u00e1rcel de cumplimiento efectivo con una duraci\u00f3n promedio de ocho meses, precis\u00f3 el ministro. Actualmente son 600 quienes ya est\u00e1n en la c\u00e1rcel.<\/p>\n<p>&#8220;Era muy importante que hubiera una respuesta firme y sistem\u00e1tica (&#8230;) Era esencial que restableci\u00e9ramos el orden&#8221;, agreg\u00f3 Dupond-Moretti, citado por la agencia de noticias AFP.<\/p>\n<p>&nbsp;<\/p>\n<p><strong>Regresa la calma a Francia<\/strong><\/p>\n<p>Las manifestaciones en Francia por el asesinato de un hijo de inmigrantes por parte de la polic\u00eda iniciaron el 27 de junio. La protesta por el asesinato produjo 23.178 incidentes en distintas ciudades del pa\u00eds. Ahora, las manifestaciones parecen tener un cese, en una Francia que siempre est\u00e1 a punto de estallar.<\/p>\n<p>La muerte de Nahel por un disparo policial durante un control de tr\u00e1nsito en un suburbio de Par\u00eds provoc\u00f3 varias noches consecutivas de violencia urbana con la quema de autos, el saqueo de tiendas y el ataque a edificios p\u00fablicos. Las condenas son superiores a las aplicadas por los disturbios que se registraron en los suburbios de las ciudades franceses durante tres semanas en 2005, luego de que dos j\u00f3venes que hu\u00edan de la polic\u00eda murieran electrocutados.<\/p>\n<p>&nbsp;<\/p>\n<p><strong>El Gobierno regula las redes sociales para controlar la violencia<\/strong><\/p>\n<p>Una de las decisiones m\u00e1s dr\u00e1sticas que tom\u00f3 el presidente franc\u00e9s, Emmanuel Macr\u00f3n, se centr\u00f3 en el uso de las redes sociales: el Gobierno franc\u00e9s busca reducir la violencia desde las redes sociales. Si bien descartaron aplicar un &#8220;apag\u00f3n generalizado&#8221;, consideran &#8220;suspender&#8221; algunas de sus funciones.<\/p>\n<p>En una reuni\u00f3n con alcaldes de las localidades afectadas por las movilizaciones, macron propuso la posibilidad de &#8220;regular o cortar&#8221; las redes sociales en los casos m\u00e1s extremos.<\/p>\n<p>&#8220;Hay que reflexionar sobre el uso de estas redes entre los m\u00e1s j\u00f3venes, en las familias, en la escuela, sobre las prohibiciones que debemos adoptar&#8221;, sostuvo Macron en declaraciones confirmadas por su oficina, de acuerdo con la agencia de noticias francesa AFP.<\/p>\n","protected":false},"excerpt":{"rendered":"<p>Despu\u00e9s de varias semanas de disturbios y protestas en todo el pa\u00eds por el caso de gatillo f\u00e1cil, el gobierno busca controlar la violencia en las calles &nbsp; &nbsp; La justicia de Francia conden\u00f3 a m\u00e1s de 1000 personas por las protestas llevadas a cabo en junio despu\u00e9s del caso de gatillo f\u00e1cil a manos de la polic\u00eda. 700 de ellas fueron detenidas con prisi\u00f3n efectiva por m\u00e1s de ocho meses, seg\u00fan informaron este mi\u00e9rcoles las autoridades. Desde la primera manifestaci\u00f3n, los tribunales dictaron 1.278 sentencias, entre ellas 95% condenatorias,&#8230;<\/p>\n","protected":false},"author":3,"featured_media":105057,"comment_status":"closed","ping_status":"closed","sticky":false,"template":"","format":"standard","meta":[],"categories":[4],"tags":[],"_links":{"self":[{"href":"https:\/\/www.actualidadadiario.com\/index.php\/wp-json\/wp\/v2\/posts\/105056"}],"collection":[{"href":"https:\/\/www.actualidadadiario.com\/index.php\/wp-json\/wp\/v2\/posts"}],"about":[{"href":"https:\/\/www.actualidadadiario.com\/index.php\/wp-json\/wp\/v2\/types\/post"}],"author":[{"embeddable":true,"href":"https:\/\/www.actualidadadiario.com\/index.php\/wp-json\/wp\/v2\/users\/3"}],"replies":[{"embeddable":true,"href":"https:\/\/www.actualidadadiario.com\/index.php\/wp-json\/wp\/v2\/comments?post=105056"}],"version-history":[{"count":1,"href":"https:\/\/www.actualidadadiario.com\/index.php\/wp-json\/wp\/v2\/posts\/105056\/revisions"}],"predecessor-version":[{"id":105058,"href":"https:\/\/www.actualidadadiario.com\/index.php\/wp-json\/wp\/v2\/posts\/105056\/revisions\/105058"}],"wp:featuredmedia":[{"embeddable":true,"href":"https:\/\/www.actualidadadiario.com\/index.php\/wp-json\/wp\/v2\/media\/105057"}],"wp:attachment":[{"href":"https:\/\/www.actualidadadiario.com\/index.php\/wp-json\/wp\/v2\/media?parent=105056"}],"wp:term":[{"taxonomy":"category","embeddable":true,"href":"https:\/\/www.actualidadadiario.com\/index.php\/wp-json\/wp\/v2\/categories?post=105056"},{"taxonomy":"post_tag","embeddable":true,"href":"https:\/\/www.actualidadadiario.com\/index.php\/wp-json\/wp\/v2\/tags?post=105056"}],"curies":[{"name":"wp","href":"https:\/\/api.w.org\/{rel}","templated":true}]}}