{"id":105053,"date":"2023-07-19T15:00:44","date_gmt":"2023-07-19T18:00:44","guid":{"rendered":"https:\/\/www.actualidadadiario.com\/?p=105053"},"modified":"2023-07-19T15:00:44","modified_gmt":"2023-07-19T18:00:44","slug":"arde-grecia-los-incendios-forestales-no-dan-tregua","status":"publish","type":"post","link":"https:\/\/www.actualidadadiario.com\/index.php\/2023\/07\/19\/arde-grecia-los-incendios-forestales-no-dan-tregua\/","title":{"rendered":"Arde Grecia: los incendios forestales no dan tregua"},"content":{"rendered":"<p style=\"text-align: center;\"><em><strong>Decenas de casas han quedado destruidas y cientos de personas se han visto obligadas a huir de las llamas que el martes arrasaron varias aldeas<\/strong><\/em><\/p>\n<p>&nbsp;<\/p>\n<p>&nbsp;<\/p>\n<p>Este mi\u00e9rcoles, los incendios forestales ard\u00edan por tercer d\u00eda al oeste de Atenas, la capital de Grecia, mientras las autoridades se preparan para una nueva ola de calor que eleva los riesgos en todo el pa\u00eds. Con las primeras luces del d\u00eda, los aviones bombarderos reanudaron sus operaciones sobre las localidades de Mandra, al oeste de Atenas, y Loutraki, cerca del canal de Corinto.<\/p>\n<p>Los bomberos trabajaron durante toda la noche para mantener a raya las llamas y alejarlas de un complejo de refiner\u00edas costeras. Cuatro aviones enviados desde Italia y Francia se unir\u00e1n a las labores el mi\u00e9rcoles, informando a las autoridades. Desde el cuartel de bomberos hab\u00edan declarado un tercer incendio en la isla de Rodas.<\/p>\n<p>Decenas de casas han quedado destruidas y cientos de personas se han visto obligadas a huir de las llamas que el martes arrasaron varias aldeas. El tr\u00e1fico permaneci\u00f3 interrumpido durante horas en dos rutas que conectan el continente con el Peloponeso. Se reabrieron parcialmente a primera hora del mi\u00e9rcoles.<\/p>\n<p>El riesgo de incendio era alto en todo el pa\u00eds. \u00abSeguimos en alerta m\u00e1xima\u00bb, declar\u00f3 el portavoz de los bomberos, Vassilis Varthakogiannis. El servicio meteorol\u00f3gico griego ha anunciado un alto riesgo de incendios esta semana, justo cuando el pa\u00eds se recupera de la primera gran ola de calor del verano, inform\u00f3 Reuters.<\/p>\n<p>Se prev\u00e9 que el jueves comience una segunda ola de calor. \u00abLas condiciones son extremas, y es probable que lo sean durante otra semana\u00bb, dijo Kostas Tsigas, jefe de la asociaci\u00f3n de bomberos. El incendio, que se declar\u00f3 el lunes en la regi\u00f3n de Dervenochoria, a unos 30 kil\u00f3metros al norte de Atenas, se propag\u00f3 r\u00e1pidamente, avivado por vientos err\u00e1ticos, y logr\u00f3 Mandra el martes, donde arras\u00f3 casas y oblig\u00f3 a la gente a huir.<\/p>\n","protected":false},"excerpt":{"rendered":"<p>Decenas de casas han quedado destruidas y cientos de personas se han visto obligadas a huir de las llamas que el martes arrasaron varias aldeas &nbsp; &nbsp; Este mi\u00e9rcoles, los incendios forestales ard\u00edan por tercer d\u00eda al oeste de Atenas, la capital de Grecia, mientras las autoridades se preparan para una nueva ola de calor que eleva los riesgos en todo el pa\u00eds. Con las primeras luces del d\u00eda, los aviones bombarderos reanudaron sus operaciones sobre las localidades de Mandra, al oeste de Atenas, y Loutraki, cerca del canal de&#8230;<\/p>\n","protected":false},"author":3,"featured_media":105054,"comment_status":"closed","ping_status":"closed","sticky":false,"template":"","format":"standard","meta":[],"categories":[4],"tags":[],"_links":{"self":[{"href":"https:\/\/www.actualidadadiario.com\/index.php\/wp-json\/wp\/v2\/posts\/105053"}],"collection":[{"href":"https:\/\/www.actualidadadiario.com\/index.php\/wp-json\/wp\/v2\/posts"}],"about":[{"href":"https:\/\/www.actualidadadiario.com\/index.php\/wp-json\/wp\/v2\/types\/post"}],"author":[{"embeddable":true,"href":"https:\/\/www.actualidadadiario.com\/index.php\/wp-json\/wp\/v2\/users\/3"}],"replies":[{"embeddable":true,"href":"https:\/\/www.actualidadadiario.com\/index.php\/wp-json\/wp\/v2\/comments?post=105053"}],"version-history":[{"count":1,"href":"https:\/\/www.actualidadadiario.com\/index.php\/wp-json\/wp\/v2\/posts\/105053\/revisions"}],"predecessor-version":[{"id":105055,"href":"https:\/\/www.actualidadadiario.com\/index.php\/wp-json\/wp\/v2\/posts\/105053\/revisions\/105055"}],"wp:featuredmedia":[{"embeddable":true,"href":"https:\/\/www.actualidadadiario.com\/index.php\/wp-json\/wp\/v2\/media\/105054"}],"wp:attachment":[{"href":"https:\/\/www.actualidadadiario.com\/index.php\/wp-json\/wp\/v2\/media?parent=105053"}],"wp:term":[{"taxonomy":"category","embeddable":true,"href":"https:\/\/www.actualidadadiario.com\/index.php\/wp-json\/wp\/v2\/categories?post=105053"},{"taxonomy":"post_tag","embeddable":true,"href":"https:\/\/www.actualidadadiario.com\/index.php\/wp-json\/wp\/v2\/tags?post=105053"}],"curies":[{"name":"wp","href":"https:\/\/api.w.org\/{rel}","templated":true}]}}