{"id":105047,"date":"2023-07-19T13:57:56","date_gmt":"2023-07-19T16:57:56","guid":{"rendered":"https:\/\/www.actualidadadiario.com\/?p=105047"},"modified":"2023-07-19T13:57:56","modified_gmt":"2023-07-19T16:57:56","slug":"tras-recibir-a-grabois-la-cgt-se-muestra-y-bendice-a-massa-rossi-en-un-acto","status":"publish","type":"post","link":"https:\/\/www.actualidadadiario.com\/index.php\/2023\/07\/19\/tras-recibir-a-grabois-la-cgt-se-muestra-y-bendice-a-massa-rossi-en-un-acto\/","title":{"rendered":"Tras recibir a Grabois, la CGT se muestra y bendice a Massa-Rossi en un acto"},"content":{"rendered":"<p style=\"text-align: center;\"><em><strong>El trinomio que conduce a la central obrera recibir\u00e1 en su sede principal a la dupla electoral. Estar\u00e1n en el acto Hugo y Pablo Moyano, hoy enfrentados. Seg\u00fan un documento trabajar\u00e1n &#8220;con militancia, territorialidad, capacidad de movilizaci\u00f3n y convencimiento, porque la CGT es la representaci\u00f3n genuina de los trabajadores y defiende una propuesta pol\u00edtica que asegure una Argentina con mirada hacia el futuro inclusivo con producci\u00f3n, desarrollo y trabajo&#8221;<\/strong><\/em><\/p>\n<p>&nbsp;<\/p>\n<p>&nbsp;<\/p>\n<p>El trinomio que conduce la Confederaci\u00f3n General del Trabajo (CGT) bendice este mi\u00e9rcoles a la f\u00f3rmula presidencial de Uni\u00f3n por la Patria que integran Sergio Massa y Agust\u00edn Rossi. Ser\u00e1 en su sede de la calle Azopardo. Estar\u00e1n en el acto Hugo y Pablo Moyano, ambos hoy enfrentados y se los volver\u00e1 a ver juntos. La CGT recibi\u00f3 el martes al otro precandidato de UP: Juan Grabois.<\/p>\n<p>Los m\u00e1ximos representantes del sindicalismo recibir\u00e1n a la dupla a partir de las 15, junto con dirigentes de los sindicatos confederados, en un acto convocado en el Sal\u00f3n Felipe Vallese para respaldar la f\u00f3rmula de UP.<\/p>\n<p>Los oradores ser\u00e1n los cosecretarios H\u00e9ctor Daer, Carlos Acu\u00f1a, Pablo Moyano, luego Rossi y cierra Massa con un discurso. Este ser\u00e1 el primero de dos actos de respaldo de la CGT a la f\u00f3rmula presidencial del peronismo. El segundo acto de apoyo de la central obrera a la f\u00f3rmula que encabeza Massa ser\u00e1 el pr\u00f3ximo 8 de agosto, en la localidad bonaerense de Malvinas Argentinas, en el lujoso estadio del DirecTV Arena. A solo 5 d\u00edas de las PASO.<\/p>\n<p>La CGT afirm\u00f3 horas antes en un documento que el espacio encabezado por Massa y Rossi representa &#8220;los principios del Justicialismo, por lo que las banderas de los derechos del trabajo, de la salud y de la educaci\u00f3n deben ser sustentadas por un proyecto que se plante ante las advertencias que desde otros sectores se realizan con objetivos de ajuste a los m\u00e1s despose\u00eddos&#8221;. &#8220;Es tiempo de ayudar a transitar la crisis, como el movimiento obrero lo hizo de forma hist\u00f3rica, a sabiendas de que existe la esperanza de que la f\u00f3rmula Massa-Rossi representa los intereses de los trabajadores&#8221;, expres\u00f3 el documento.<\/p>\n<p>Asimismo, puntualiz\u00f3: &#8220;La CGT celebra el ejemplo de unidad demostrado, con sus diferentes matices y puntos de vista, lo que ser\u00e1 uno de los art\u00edfices de un espacio electoral y pol\u00edtico que se propone competitivo y confiable&#8221;.<\/p>\n<p>La central obrera asegur\u00f3 que trabajar\u00e1 &#8220;con militancia, territorialidad, capacidad de movilizaci\u00f3n y convencimiento, porque la CGT es la representaci\u00f3n genuina de los trabajadores y defiende una propuesta pol\u00edtica que asegure una Argentina con mirada hacia el futuro inclusivo con producci\u00f3n, desarrollo y trabajo&#8221;, expres\u00f3 el documento.<\/p>\n<p>No es menor, comentar, que estar\u00e1 presente el l\u00edder camionero Hugo Moyano, hoy enfrentado a su hijo Pablo, uno de los l\u00edderes de la CGT. El padre apoy\u00f3 en un principio la f\u00f3rmula de Daniel Scioli y luego finalmente se sum\u00f3 al respaldo a Massa, con quien se reuni\u00f3 hace d\u00edas en el Ministerio de Econom\u00eda. Pablo Moyano, desde un comienzo, estuvo pegado al tigrense.<\/p>\n<p>&nbsp;<\/p>\n<p><strong>Grabois con la CGT<\/strong><\/p>\n<p>El precandidato a presidente por Uni\u00f3n por la Patria, Juan Grabois, y su compa\u00f1era de f\u00f3rmula, Paula Abal Medina, mantuvieron este martes un encuentro con integrantes del Consejo Directivo Nacional de la CGT en la sede porte\u00f1a de la UOCRA. Un d\u00eda antes que Massa.<\/p>\n<p>En la reuni\u00f3n, que dur\u00f3 m\u00e1s de dos horas, estuvieron presentes Gerardo Mart\u00ednez, quien ofreci\u00f3 la local\u00eda como Secretario General del gremio de la Construcci\u00f3n; H\u00e9ctor Daer, de Sanidad; Jos\u00e9 Luis Lingeri, de Obras Sanitarias; Andr\u00e9s Rodr\u00edguez, de UPCN; Carlos Frigerio, por parte de Cerveceros; Juan Carlos Schmidt, del sindicato de Dragado y Balizamiento; Miguel Paniagua, de Espect\u00e1culo P\u00fablico (SUTEP); Hugo Ben\u00edtez, al frente de los trabajadores textiles (AOTRA); Rodolfo Daer, de Alimentaci\u00f3n; Maia Volcovinsky, de Judiciales (UEJN), Argentino Geneiro, de Gastron\u00f3micos; y Guillermo Mangone, por parte de los trabajadores de la industria del Gas Natural (FETIGNRA).<\/p>\n<p>Tras el encuentro, en el que los presentes intercambiaron acerca de la situaci\u00f3n del pa\u00eds de cara a las pr\u00f3ximas elecciones, Grabois enfatiz\u00f3 que \u201ces fundamental poner la fuerza de todo el movimiento nacional para frenar los planteos inhumanos y garantizar un programa donde la recomposici\u00f3n de los salarios, la eliminaci\u00f3n de la inflaci\u00f3n, la redistribuci\u00f3n de la riqueza, la vivienda, la salud y la educaci\u00f3n sean la prioridad. Todos coincidimos en eso\u201d. Finalmente, el precandidato destac\u00f3 la calidad de la reuni\u00f3n: \u201cAgradezco a la CGT el respeto con el que me recibieron\u201d.<\/p>\n","protected":false},"excerpt":{"rendered":"<p>El trinomio que conduce a la central obrera recibir\u00e1 en su sede principal a la dupla electoral. Estar\u00e1n en el acto Hugo y Pablo Moyano, hoy enfrentados. Seg\u00fan un documento trabajar\u00e1n &#8220;con militancia, territorialidad, capacidad de movilizaci\u00f3n y convencimiento, porque la CGT es la representaci\u00f3n genuina de los trabajadores y defiende una propuesta pol\u00edtica que asegure una Argentina con mirada hacia el futuro inclusivo con producci\u00f3n, desarrollo y trabajo&#8221; &nbsp; &nbsp; El trinomio que conduce la Confederaci\u00f3n General del Trabajo (CGT) bendice este mi\u00e9rcoles a la f\u00f3rmula presidencial de Uni\u00f3n&#8230;<\/p>\n","protected":false},"author":3,"featured_media":105048,"comment_status":"closed","ping_status":"closed","sticky":false,"template":"","format":"standard","meta":[],"categories":[18],"tags":[],"_links":{"self":[{"href":"https:\/\/www.actualidadadiario.com\/index.php\/wp-json\/wp\/v2\/posts\/105047"}],"collection":[{"href":"https:\/\/www.actualidadadiario.com\/index.php\/wp-json\/wp\/v2\/posts"}],"about":[{"href":"https:\/\/www.actualidadadiario.com\/index.php\/wp-json\/wp\/v2\/types\/post"}],"author":[{"embeddable":true,"href":"https:\/\/www.actualidadadiario.com\/index.php\/wp-json\/wp\/v2\/users\/3"}],"replies":[{"embeddable":true,"href":"https:\/\/www.actualidadadiario.com\/index.php\/wp-json\/wp\/v2\/comments?post=105047"}],"version-history":[{"count":1,"href":"https:\/\/www.actualidadadiario.com\/index.php\/wp-json\/wp\/v2\/posts\/105047\/revisions"}],"predecessor-version":[{"id":105049,"href":"https:\/\/www.actualidadadiario.com\/index.php\/wp-json\/wp\/v2\/posts\/105047\/revisions\/105049"}],"wp:featuredmedia":[{"embeddable":true,"href":"https:\/\/www.actualidadadiario.com\/index.php\/wp-json\/wp\/v2\/media\/105048"}],"wp:attachment":[{"href":"https:\/\/www.actualidadadiario.com\/index.php\/wp-json\/wp\/v2\/media?parent=105047"}],"wp:term":[{"taxonomy":"category","embeddable":true,"href":"https:\/\/www.actualidadadiario.com\/index.php\/wp-json\/wp\/v2\/categories?post=105047"},{"taxonomy":"post_tag","embeddable":true,"href":"https:\/\/www.actualidadadiario.com\/index.php\/wp-json\/wp\/v2\/tags?post=105047"}],"curies":[{"name":"wp","href":"https:\/\/api.w.org\/{rel}","templated":true}]}}