{"id":105042,"date":"2023-07-19T13:56:27","date_gmt":"2023-07-19T16:56:27","guid":{"rendered":"https:\/\/www.actualidadadiario.com\/?p=105042"},"modified":"2023-07-19T13:56:27","modified_gmt":"2023-07-19T16:56:27","slug":"pichetto-apunto-contra-macri-y-pidio-que-en-un-eventual-gobierno-de-jxc-haya-un-liderazgo-con-autonomia","status":"publish","type":"post","link":"https:\/\/www.actualidadadiario.com\/index.php\/2023\/07\/19\/pichetto-apunto-contra-macri-y-pidio-que-en-un-eventual-gobierno-de-jxc-haya-un-liderazgo-con-autonomia\/","title":{"rendered":"Pichetto apunt\u00f3 contra Macri y pidi\u00f3 que en un eventual Gobierno de JxC haya \u201cun liderazgo con autonom\u00eda&#8221;"},"content":{"rendered":"<p style=\"text-align: center;\"><em><strong>De cara a las PASO, el auditor general de la Naci\u00f3n indic\u00f3 que &#8220;el escenario que viene no da para ese tipo de construcciones pol\u00edticas&#8221; y consider\u00f3 &#8220;importante que en Juntos por el Cambio emerja un liderazgo con autonom\u00eda\u201d, sin \u201cun esquema delegado de poder&#8221;<\/strong><\/em><\/p>\n<p>&nbsp;<\/p>\n<p>&nbsp;<\/p>\n<p>El auditor general de la Naci\u00f3n y ex candidato a vicepresidente, Miguel \u00c1ngel Pichetto, advirti\u00f3 sobre el posible rol de Mauricio Macri en un eventual Gobierno de Juntos por el Cambio, consider\u00f3 que &#8220;el escenario que viene no da para ese tipo de construcciones pol\u00edticas&#8221; y se necesita &#8220;un liderazgo con autonom\u00eda&#8221;.<\/p>\n<p>\u201cEstoy convencido que el pr\u00f3ximo Presidente tiene que tener autoridad y la autoridad tiene que residir en la Casa Rosada. Esto que digo para el actual oficialismo tambi\u00e9n lo aplico hacia Juntos por el Cambio\u201d, afirm\u00f3 Pichetto en La Naci\u00f3n + y remarc\u00f3 que &#8220;le parece importante que no haya una tutor\u00eda, un esquema delegado de poder&#8221;.<\/p>\n<p>En este sentido, hizo hincapi\u00e9 sobre el rol de Mauricio Macri en un eventual Gobierno de JxC, si bien se\u00f1al\u00f3 que \u201ces importante desde su jerarqu\u00eda como expresidente\u201d y \u201cpuede ser importante en el consejo frente a acontecimientos y eventos de gran trascendencia\u201d, sostuvo que \u201cde ninguna manera puede reflejar algo parecido a lo que es el actual oficialismo\u201d.<\/p>\n<p>Al respecto aclar\u00f3 que no solo se refer\u00eda a Patricia Bullrich, sino tambi\u00e9n a su candidato Horacio Rodr\u00edguez Larreta. \u201cEl escenario que viene no da para ese tipo de construcciones pol\u00edticas\u201d, consider\u00f3 el ex senador y remarc\u00f3: \u201cEs importante que en Juntos por el Cambio emerja un liderazgo con autonom\u00eda\u201d.<\/p>\n<p>Sin embargo, Pichetto insinu\u00f3 un apoyo a\u00a0 Rodr\u00edguez Larreta: \u201cAbri\u00f3 la perspectiva hacia una construcci\u00f3n m\u00e1s amplia y esto ha dado como resultado la elecci\u00f3n de Santa Fe; esa visi\u00f3n del pa\u00eds que viene, del di\u00e1logo, de la apertura, se ha reflejado en el triunfo electoral de Pullaro\u201d, consider\u00f3 sobre la\u00a0 derrota de Carolina Losada, la candidata de Bullrich en Santa Fe.<\/p>\n<p>Y, en la misma l\u00ednea que lo sostuvo el soldado de Larreta, Juan Manuel L\u00f3pez que viene teniendo fuertes cruces con los candidatos de Bullrich, Pichetto apunt\u00f3 contra la precandidata por su campa\u00f1a. \u201cEn la democracia no es \u2018todo o nada\u2019. A pesar de las dificultades que ha tenido el pa\u00eds, de los problemas econ\u00f3micos, de contingencias sociales graves como la del 2001, la democracia argentina vino para quedarse, tiene valores y determinados l\u00edmites que no se han roto y han permitido que el sistema democr\u00e1tico sea estable. Tenemos que mantener esto\u201d, plante\u00f3.<\/p>\n<p>Y agreg\u00f3: \u201cEl concepto \u2018todo o nada\u2019 no es propio del sistema democr\u00e1tico. Hay avances y retrocesos, di\u00e1logos, consensos, puntos de fractura pero en definitiva no es un proceso revolucionario en el que si se triunfa se toma todo el poder y si se pierde es el final. No es aplicable\u201d.<\/p>\n<p>Asimismo, apunt\u00f3 que Larreta \u201cencarna mucho mejor esta etapa\u201d en conceptos de \u201campliar la coalici\u00f3n, de la construcci\u00f3n de acuerdos y consensos que Argentina necesita para cambios profundos, de la necesidad de un di\u00e1logo de los argentinos y de la paz social que son elementos centrales de la democracia\u201d.<\/p>\n<p>\u201cHoy tendr\u00edamos que estar trabajando en el armado del gabinete y del programa para gobernar la Argentina\u201d, critic\u00f3 respecto a la interna en la coalici\u00f3n opositora. \u201cHay un fin de ciclo, algo inevitable que va a ocurrir. Est\u00e1n de retirada y Juntos por el Cambio tiene que prepararse para ser gobierno\u201d, concluy\u00f3 Pichetto.<\/p>\n","protected":false},"excerpt":{"rendered":"<p>De cara a las PASO, el auditor general de la Naci\u00f3n indic\u00f3 que &#8220;el escenario que viene no da para ese tipo de construcciones pol\u00edticas&#8221; y consider\u00f3 &#8220;importante que en Juntos por el Cambio emerja un liderazgo con autonom\u00eda\u201d, sin \u201cun esquema delegado de poder&#8221; &nbsp; &nbsp; El auditor general de la Naci\u00f3n y ex candidato a vicepresidente, Miguel \u00c1ngel Pichetto, advirti\u00f3 sobre el posible rol de Mauricio Macri en un eventual Gobierno de Juntos por el Cambio, consider\u00f3 que &#8220;el escenario que viene no da para ese tipo de&#8230;<\/p>\n","protected":false},"author":3,"featured_media":57303,"comment_status":"closed","ping_status":"closed","sticky":false,"template":"","format":"standard","meta":[],"categories":[18],"tags":[],"_links":{"self":[{"href":"https:\/\/www.actualidadadiario.com\/index.php\/wp-json\/wp\/v2\/posts\/105042"}],"collection":[{"href":"https:\/\/www.actualidadadiario.com\/index.php\/wp-json\/wp\/v2\/posts"}],"about":[{"href":"https:\/\/www.actualidadadiario.com\/index.php\/wp-json\/wp\/v2\/types\/post"}],"author":[{"embeddable":true,"href":"https:\/\/www.actualidadadiario.com\/index.php\/wp-json\/wp\/v2\/users\/3"}],"replies":[{"embeddable":true,"href":"https:\/\/www.actualidadadiario.com\/index.php\/wp-json\/wp\/v2\/comments?post=105042"}],"version-history":[{"count":1,"href":"https:\/\/www.actualidadadiario.com\/index.php\/wp-json\/wp\/v2\/posts\/105042\/revisions"}],"predecessor-version":[{"id":105043,"href":"https:\/\/www.actualidadadiario.com\/index.php\/wp-json\/wp\/v2\/posts\/105042\/revisions\/105043"}],"wp:featuredmedia":[{"embeddable":true,"href":"https:\/\/www.actualidadadiario.com\/index.php\/wp-json\/wp\/v2\/media\/57303"}],"wp:attachment":[{"href":"https:\/\/www.actualidadadiario.com\/index.php\/wp-json\/wp\/v2\/media?parent=105042"}],"wp:term":[{"taxonomy":"category","embeddable":true,"href":"https:\/\/www.actualidadadiario.com\/index.php\/wp-json\/wp\/v2\/categories?post=105042"},{"taxonomy":"post_tag","embeddable":true,"href":"https:\/\/www.actualidadadiario.com\/index.php\/wp-json\/wp\/v2\/tags?post=105042"}],"curies":[{"name":"wp","href":"https:\/\/api.w.org\/{rel}","templated":true}]}}