{"id":105038,"date":"2023-07-19T13:53:56","date_gmt":"2023-07-19T16:53:56","guid":{"rendered":"https:\/\/www.actualidadadiario.com\/?p=105038"},"modified":"2023-07-19T13:53:56","modified_gmt":"2023-07-19T16:53:56","slug":"larreta-proyecto-gobernar-con-una-lupa-y-un-bisturi-y-a-cortar-cada-centavo","status":"publish","type":"post","link":"https:\/\/www.actualidadadiario.com\/index.php\/2023\/07\/19\/larreta-proyecto-gobernar-con-una-lupa-y-un-bisturi-y-a-cortar-cada-centavo\/","title":{"rendered":"Larreta proyect\u00f3 gobernar \u201ccon una lupa y un bistur\u00ed y a cortar cada centavo&#8221;"},"content":{"rendered":"<p style=\"text-align: center;\"><em><strong>El jefe de Gobierno porte\u00f1o y precandidato presidencial en JxC, se refiri\u00f3 a las pr\u00f3ximas elecciones y habl\u00f3 de posibles recortes a realizar en el presupuesto si llega a ser gobierno despu\u00e9s del 10 de diciembre pr\u00f3ximo<\/strong><\/em><\/p>\n<p>&nbsp;<\/p>\n<p>&nbsp;<\/p>\n<p>El jefe de Gobierno porte\u00f1o y precandidato presidencial en Juntos por el Cambio (JxC), Horacio Rodr\u00edguez Larreta, se refiri\u00f3 a las pr\u00f3ximas elecciones y habl\u00f3 de posibles recortes a realizar en el presupuesto si llega a ser gobierno despu\u00e9s del 10 de diciembre pr\u00f3ximo.<\/p>\n<p>&#8220;Sacar la Argentina adelante no va a ser f\u00e1cil, vamos a encontrar dificultades por todos lados pero gobernar es enfrentar esas dificultades. Por eso es tan importante la experiencia, la trayectoria&#8230; No hay tiempo para aprender&#8221;, sostuvo.<\/p>\n<p>En di\u00e1logo con TN, el mandatario analiz\u00f3: &#8220;Tenemos programas superpuestos o duplicados en la Naci\u00f3n, provincias y municipios; ten\u00e9s que mirar cada l\u00ednea del presupuesto y necesit\u00e1s gente que entre con una lupa y un bistur\u00ed y a cortar cada centavo&#8221;.<\/p>\n<p>Y a\u00f1adi\u00f3: &#8220;En la Ciudad despu\u00e9s del recorte que nos hicieron por la coparticipaci\u00f3n y el impacto que tuvo la pandemia, a los dos a\u00f1os volvimos a d\u00e9ficit cero y este a\u00f1o, a super\u00e1vit. Lo que digo que voy a hacer, tengo la autoridad de decirlo porque ya lo hice&#8221;.<\/p>\n<p>&#8220;Ninguna experiencia es comparable con otra, pero hay una experiencia en lo que hace al funcionamiento del Estado y a conocer qu\u00e9 son las cuentas p\u00fablicas y entender cada programa. La experiencia es v\u00e1lida, no quiere decir que se pueda copiar lo que se hizo en la Ciudad pero, con todas las dificultades, hemos hecho un cambio enorme&#8221;, agreg\u00f3 Larreta.<\/p>\n","protected":false},"excerpt":{"rendered":"<p>El jefe de Gobierno porte\u00f1o y precandidato presidencial en JxC, se refiri\u00f3 a las pr\u00f3ximas elecciones y habl\u00f3 de posibles recortes a realizar en el presupuesto si llega a ser gobierno despu\u00e9s del 10 de diciembre pr\u00f3ximo &nbsp; &nbsp; El jefe de Gobierno porte\u00f1o y precandidato presidencial en Juntos por el Cambio (JxC), Horacio Rodr\u00edguez Larreta, se refiri\u00f3 a las pr\u00f3ximas elecciones y habl\u00f3 de posibles recortes a realizar en el presupuesto si llega a ser gobierno despu\u00e9s del 10 de diciembre pr\u00f3ximo. &#8220;Sacar la Argentina adelante no va a&#8230;<\/p>\n","protected":false},"author":3,"featured_media":103317,"comment_status":"closed","ping_status":"closed","sticky":false,"template":"","format":"standard","meta":[],"categories":[18],"tags":[],"_links":{"self":[{"href":"https:\/\/www.actualidadadiario.com\/index.php\/wp-json\/wp\/v2\/posts\/105038"}],"collection":[{"href":"https:\/\/www.actualidadadiario.com\/index.php\/wp-json\/wp\/v2\/posts"}],"about":[{"href":"https:\/\/www.actualidadadiario.com\/index.php\/wp-json\/wp\/v2\/types\/post"}],"author":[{"embeddable":true,"href":"https:\/\/www.actualidadadiario.com\/index.php\/wp-json\/wp\/v2\/users\/3"}],"replies":[{"embeddable":true,"href":"https:\/\/www.actualidadadiario.com\/index.php\/wp-json\/wp\/v2\/comments?post=105038"}],"version-history":[{"count":1,"href":"https:\/\/www.actualidadadiario.com\/index.php\/wp-json\/wp\/v2\/posts\/105038\/revisions"}],"predecessor-version":[{"id":105039,"href":"https:\/\/www.actualidadadiario.com\/index.php\/wp-json\/wp\/v2\/posts\/105038\/revisions\/105039"}],"wp:featuredmedia":[{"embeddable":true,"href":"https:\/\/www.actualidadadiario.com\/index.php\/wp-json\/wp\/v2\/media\/103317"}],"wp:attachment":[{"href":"https:\/\/www.actualidadadiario.com\/index.php\/wp-json\/wp\/v2\/media?parent=105038"}],"wp:term":[{"taxonomy":"category","embeddable":true,"href":"https:\/\/www.actualidadadiario.com\/index.php\/wp-json\/wp\/v2\/categories?post=105038"},{"taxonomy":"post_tag","embeddable":true,"href":"https:\/\/www.actualidadadiario.com\/index.php\/wp-json\/wp\/v2\/tags?post=105038"}],"curies":[{"name":"wp","href":"https:\/\/api.w.org\/{rel}","templated":true}]}}