{"id":105036,"date":"2023-07-19T13:26:37","date_gmt":"2023-07-19T16:26:37","guid":{"rendered":"https:\/\/www.actualidadadiario.com\/?p=105036"},"modified":"2023-07-19T13:26:37","modified_gmt":"2023-07-19T16:26:37","slug":"alerta-amarilla-por-frio-extremo-en-varias-provincias-del-pais","status":"publish","type":"post","link":"https:\/\/www.actualidadadiario.com\/index.php\/2023\/07\/19\/alerta-amarilla-por-frio-extremo-en-varias-provincias-del-pais\/","title":{"rendered":"Alerta amarilla por fr\u00edo extremo en varias provincias del pa\u00eds"},"content":{"rendered":"<p style=\"text-align: center;\"><em><strong>El Servicio Meteorol\u00f3gico Nacional indic\u00f3 que las bajas temperaturas &#8220;pueden ser peligrosas sobre todo para los grupos de riesgo\u201d<\/strong><\/em><\/p>\n<p>&nbsp;<\/p>\n<p>&nbsp;<\/p>\n<p>Continuaban esta ma\u00f1ana con alerta amarilla por temperaturas extremas por fr\u00edo en gran parte del conurbano bonaerense, la provincia de Buenos Aires, el litoral y el sur de la Patagonia. En algunas ciudades se registraron marcas t\u00e9rmicas bajo cero, como en la localidad juje\u00f1a de La Quiaca, donde alcanz\u00f3 los -5.8 grados.<\/p>\n<p>La alerta por temperaturas extremas comprend\u00eda las localidades de Avellaneda, La Matanza, General San Mart\u00edn, Hurlingham, Vicente L\u00f3pez y Tigre (en el conurbano bonaerense), a la vez que afectaba al este y sur de la provincia de Buenos Aires, con excepci\u00f3n de la ciudad de La Plata, seg\u00fan report\u00f3 el Servicio Meteorol\u00f3gico Nacional (SMN).<\/p>\n<p>En el litoral, la alerta inclu\u00eda casi la totalidad de Entre R\u00edos; todo el territorio de Corrientes; el centro y sur de Misiones, con temperaturas m\u00ednimas entre 2 y 4 grados.<\/p>\n<p>Tambi\u00e9n afectaba al noreste de Santa Fe en las ciudades de General Obligado, San Javier y Vera; a la mayor parte de Chaco, con excepci\u00f3n del sector noroeste; al sudeste de Formosa; a una porci\u00f3n del noreste de Santiago del Estero y a toda la provincia de Tucum\u00e1n.<\/p>\n<p>En el sur del pa\u00eds, la alerta se extend\u00eda al centro y sur de Santa Cruz, en las zonas de las mesetas de Corpen Aike, G\u00fcer Aike, y de Lago Argentino.<\/p>\n<p>Esta ma\u00f1ana, la ciudad m\u00e1s fr\u00eda del pa\u00eds era La Quiaca, con -5.8 grados; seguida por El Calafate, en Santa Cruz, con -5.2 grados, que ten\u00eda tambi\u00e9n la sensaci\u00f3n t\u00e9rmica m\u00e1s baja con -8.6 grados, de acuerdo con el ranking de temperaturas del SMN.<\/p>\n<p>El podio lo completaron R\u00edo Gallegos, en Santa Cruz, con -3.1 grados; Villa de Mar\u00eda, en C\u00f3rdoba, con -2 grados y R\u00edo Grande, en Tierra del Fuego, con -1 grado, seg\u00fan la \u00faltima actualizaci\u00f3n de las 8.<\/p>\n<p>&nbsp;<\/p>\n<p><strong>Qu\u00e9 significa alerta amarillo<\/strong><\/p>\n<p>El nivel amarillo indica un efecto &#8220;leve a moderado en la salud&#8221; y las temperaturas &#8220;pueden ser peligrosas sobre todo para los grupos de riesgo, como ni\u00f1os y ni\u00f1as, personas mayores de 65 a\u00f1os, con enfermedades cr\u00f3nicas&#8221;, explic\u00f3 el organismo nacional.<\/p>\n<p>Por las bajas temperaturas el Ministerio de Salud recomienda evitar exponerse por tiempo prolongado al fr\u00edo en exteriores; abrigarse con muchas capas de ropa liviana; y generar m\u00e1s calor corporal mediante el movimiento (caminar, levantarse y sentarse, y mover las extremidades).<\/p>\n<p>Tambi\u00e9n pidieron mantener la casa calefaccionada de forma segura; evitar los cambios bruscos de temperatura, ya que pueden provocar enfermedades del sistema respiratorio; tomar mucho l\u00edquido y evitar el consumo de bebidas alcoh\u00f3licas.<\/p>\n<p>En caso de verse afectado por el fr\u00edo, no automedicarse, consultar con un m\u00e9dico o dirigirse al centro de salud m\u00e1s cercano; no fumar en ambientes cerrados; y prestar especial atenci\u00f3n a los ni\u00f1os y ni\u00f1as, a las personas mayores y aquellas con enfermedades cr\u00f3nicas.<\/p>\n","protected":false},"excerpt":{"rendered":"<p>El Servicio Meteorol\u00f3gico Nacional indic\u00f3 que las bajas temperaturas &#8220;pueden ser peligrosas sobre todo para los grupos de riesgo\u201d &nbsp; &nbsp; Continuaban esta ma\u00f1ana con alerta amarilla por temperaturas extremas por fr\u00edo en gran parte del conurbano bonaerense, la provincia de Buenos Aires, el litoral y el sur de la Patagonia. En algunas ciudades se registraron marcas t\u00e9rmicas bajo cero, como en la localidad juje\u00f1a de La Quiaca, donde alcanz\u00f3 los -5.8 grados. La alerta por temperaturas extremas comprend\u00eda las localidades de Avellaneda, La Matanza, General San Mart\u00edn, Hurlingham, Vicente&#8230;<\/p>\n","protected":false},"author":3,"featured_media":104704,"comment_status":"closed","ping_status":"closed","sticky":false,"template":"","format":"standard","meta":[],"categories":[2],"tags":[],"_links":{"self":[{"href":"https:\/\/www.actualidadadiario.com\/index.php\/wp-json\/wp\/v2\/posts\/105036"}],"collection":[{"href":"https:\/\/www.actualidadadiario.com\/index.php\/wp-json\/wp\/v2\/posts"}],"about":[{"href":"https:\/\/www.actualidadadiario.com\/index.php\/wp-json\/wp\/v2\/types\/post"}],"author":[{"embeddable":true,"href":"https:\/\/www.actualidadadiario.com\/index.php\/wp-json\/wp\/v2\/users\/3"}],"replies":[{"embeddable":true,"href":"https:\/\/www.actualidadadiario.com\/index.php\/wp-json\/wp\/v2\/comments?post=105036"}],"version-history":[{"count":1,"href":"https:\/\/www.actualidadadiario.com\/index.php\/wp-json\/wp\/v2\/posts\/105036\/revisions"}],"predecessor-version":[{"id":105037,"href":"https:\/\/www.actualidadadiario.com\/index.php\/wp-json\/wp\/v2\/posts\/105036\/revisions\/105037"}],"wp:featuredmedia":[{"embeddable":true,"href":"https:\/\/www.actualidadadiario.com\/index.php\/wp-json\/wp\/v2\/media\/104704"}],"wp:attachment":[{"href":"https:\/\/www.actualidadadiario.com\/index.php\/wp-json\/wp\/v2\/media?parent=105036"}],"wp:term":[{"taxonomy":"category","embeddable":true,"href":"https:\/\/www.actualidadadiario.com\/index.php\/wp-json\/wp\/v2\/categories?post=105036"},{"taxonomy":"post_tag","embeddable":true,"href":"https:\/\/www.actualidadadiario.com\/index.php\/wp-json\/wp\/v2\/tags?post=105036"}],"curies":[{"name":"wp","href":"https:\/\/api.w.org\/{rel}","templated":true}]}}