{"id":105032,"date":"2023-07-19T13:23:23","date_gmt":"2023-07-19T16:23:23","guid":{"rendered":"https:\/\/www.actualidadadiario.com\/?p=105032"},"modified":"2023-07-19T13:23:23","modified_gmt":"2023-07-19T16:23:23","slug":"habilitaron-el-paso-internacional-cristo-redentor-y-se-espera-un-alto-transito","status":"publish","type":"post","link":"https:\/\/www.actualidadadiario.com\/index.php\/2023\/07\/19\/habilitaron-el-paso-internacional-cristo-redentor-y-se-espera-un-alto-transito\/","title":{"rendered":"Habilitaron el Paso Internacional Cristo Redentor y se espera un alto tr\u00e1nsito"},"content":{"rendered":"<p style=\"text-align: center;\"><em><strong>Autoridades que coordinan el Paso Internacional Cristo Redentor dieron a conocer que este mi\u00e9rcoles el camino se encuentra transitable para todo tipo de veh\u00edculo<\/strong><\/em><\/p>\n<p>&nbsp;<\/p>\n<p>&nbsp;<\/p>\n<p>A pesar de los pron\u00f3sticos de mal tiempo, desde la Coordinaci\u00f3n del Paso Internacional Cristo Redentor inform\u00f3 que el corredor fue habilitado para todo tipo de veh\u00edculo en ambos sentidos.<\/p>\n<p>Se espera que una gran cantidad de camiones utilicen esta ventana de buen tiempo para cruzar la frontera por lo que las autoridades pidieron conducir con precauci\u00f3n ya que, al alto tr\u00e1nsito se le suman los cortes de calzada por el \u00faltimo temporal de nieve.<\/p>\n<p>Este mi\u00e9rcoles podr\u00e1n transitar camiones, colectivos y veh\u00edculos particulares. La medida rige tanto en el sentido Argentina-Chile como Chile-Argentina.<\/p>\n<p>A pesar de la apertura, la situaci\u00f3n meteorol\u00f3gica est\u00e1 en seguimiento ya que, seg\u00fan el Servicio Meteorol\u00f3gico Nacional, advierten que se esperan lluvias y nevadas en alta monta\u00f1a para las pr\u00f3ximas horas.<\/p>\n","protected":false},"excerpt":{"rendered":"<p>Autoridades que coordinan el Paso Internacional Cristo Redentor dieron a conocer que este mi\u00e9rcoles el camino se encuentra transitable para todo tipo de veh\u00edculo &nbsp; &nbsp; A pesar de los pron\u00f3sticos de mal tiempo, desde la Coordinaci\u00f3n del Paso Internacional Cristo Redentor inform\u00f3 que el corredor fue habilitado para todo tipo de veh\u00edculo en ambos sentidos. Se espera que una gran cantidad de camiones utilicen esta ventana de buen tiempo para cruzar la frontera por lo que las autoridades pidieron conducir con precauci\u00f3n ya que, al alto tr\u00e1nsito se le&#8230;<\/p>\n","protected":false},"author":3,"featured_media":105033,"comment_status":"closed","ping_status":"closed","sticky":false,"template":"","format":"standard","meta":[],"categories":[2],"tags":[],"_links":{"self":[{"href":"https:\/\/www.actualidadadiario.com\/index.php\/wp-json\/wp\/v2\/posts\/105032"}],"collection":[{"href":"https:\/\/www.actualidadadiario.com\/index.php\/wp-json\/wp\/v2\/posts"}],"about":[{"href":"https:\/\/www.actualidadadiario.com\/index.php\/wp-json\/wp\/v2\/types\/post"}],"author":[{"embeddable":true,"href":"https:\/\/www.actualidadadiario.com\/index.php\/wp-json\/wp\/v2\/users\/3"}],"replies":[{"embeddable":true,"href":"https:\/\/www.actualidadadiario.com\/index.php\/wp-json\/wp\/v2\/comments?post=105032"}],"version-history":[{"count":2,"href":"https:\/\/www.actualidadadiario.com\/index.php\/wp-json\/wp\/v2\/posts\/105032\/revisions"}],"predecessor-version":[{"id":105035,"href":"https:\/\/www.actualidadadiario.com\/index.php\/wp-json\/wp\/v2\/posts\/105032\/revisions\/105035"}],"wp:featuredmedia":[{"embeddable":true,"href":"https:\/\/www.actualidadadiario.com\/index.php\/wp-json\/wp\/v2\/media\/105033"}],"wp:attachment":[{"href":"https:\/\/www.actualidadadiario.com\/index.php\/wp-json\/wp\/v2\/media?parent=105032"}],"wp:term":[{"taxonomy":"category","embeddable":true,"href":"https:\/\/www.actualidadadiario.com\/index.php\/wp-json\/wp\/v2\/categories?post=105032"},{"taxonomy":"post_tag","embeddable":true,"href":"https:\/\/www.actualidadadiario.com\/index.php\/wp-json\/wp\/v2\/tags?post=105032"}],"curies":[{"name":"wp","href":"https:\/\/api.w.org\/{rel}","templated":true}]}}