{"id":105022,"date":"2023-07-19T13:14:05","date_gmt":"2023-07-19T16:14:05","guid":{"rendered":"https:\/\/www.actualidadadiario.com\/?p=105022"},"modified":"2023-07-19T13:14:05","modified_gmt":"2023-07-19T16:14:05","slug":"que-dia-terminan-las-vacaciones-de-invierno-segun-cada-provincia-2","status":"publish","type":"post","link":"https:\/\/www.actualidadadiario.com\/index.php\/2023\/07\/19\/que-dia-terminan-las-vacaciones-de-invierno-segun-cada-provincia-2\/","title":{"rendered":"Qu\u00e9 d\u00eda terminan las vacaciones de invierno seg\u00fan cada provincia"},"content":{"rendered":"<p style=\"text-align: center;\"><em><strong>La mayor\u00eda de las provincias comenzaron su receso escolar este lunes. Conoc\u00e9 cu\u00e1ndo vuelven los chicos a las aulas seg\u00fan el Consejo Federal de Educaci\u00f3n<\/strong><\/em><\/p>\n<p>&nbsp;<\/p>\n<p>&nbsp;<\/p>\n<p>Las vacaciones de invierno ya comenzaron en todo el pa\u00eds y el ciclo lectivo se pone en pausa, con un merecido descanso de clases para los alumnos y alumnas que encarar\u00e1n la segunda parte del a\u00f1o. En la Ciudad de Buenos Aires el receso escolar empez\u00f3 este lunes 17 de julio, pero, \u00bfhasta qu\u00e9 d\u00eda se extiende?<\/p>\n<p>Seg\u00fan la Constituci\u00f3n Nacional, las provincias y la Ciudad de Buenos Aires cuentan con la facultad suficiente para determinar el calendario educativo, motivo por el cual la fecha de las vacaciones de invierno depender\u00e1 de cada jurisdicci\u00f3n y de cada Ministerio de Educaci\u00f3n.<\/p>\n<p>&nbsp;<\/p>\n<p><strong>Cu\u00e1ndo terminan las vacaciones de invierno 2023<\/strong><\/p>\n<p>Seg\u00fan el Consejo Federal de Educaci\u00f3n, las vacaciones de invierno se dividir\u00e1n en dos grupos entre las 24 jurisdicciones nacionales.<\/p>\n<p>A continuaci\u00f3n, las provincias que iniciar\u00e1n el receso el pr\u00f3ximo lunes 10 de julio y finalizar\u00e1n el viernes 24.<\/p>\n<ul>\n<li>Catamarca<\/li>\n<li>C\u00f3rdoba<\/li>\n<li>Corrientes<\/li>\n<li>Entre R\u00edos<\/li>\n<li>Formosa<\/li>\n<li>La Pampa<\/li>\n<li>La Rioja<\/li>\n<li>Mendoza<\/li>\n<li>Misiones<\/li>\n<li>Neuqu\u00e9n<\/li>\n<li>R\u00edo Negro<\/li>\n<li>Salta<\/li>\n<li>San Juan<\/li>\n<li>San Luis<\/li>\n<li>Tucum\u00e1n<\/li>\n<\/ul>\n<p>&nbsp;<\/p>\n<p>A su vez, estas son las jurisdicciones que comenzar\u00e1n las vacaciones el lunes 17 de julio, y pondr\u00e1n fin a las mismas el viernes 31.<\/p>\n<ul>\n<li>Provincia de Buenos Aires<\/li>\n<li>Ciudad Aut\u00f3noma de Buenos Aires<\/li>\n<li>Chaco<\/li>\n<li>Chubut<\/li>\n<li>Jujuy<\/li>\n<li>Santa Cruz<\/li>\n<li>Santa Fe<\/li>\n<li>Santiago del Estero<\/li>\n<li>Tierra del Fuego<\/li>\n<\/ul>\n<p>&nbsp;<\/p>\n<p><strong>\u00bfCu\u00e1les son los pr\u00f3ximos feriados?<\/strong><\/p>\n<p><strong>Feriados inamovibles<\/strong><\/p>\n<ul>\n<li>9 de julio (D\u00eda de la Independencia).<\/li>\n<li>20 de noviembre (D\u00eda de la Soberan\u00eda Nacional).<\/li>\n<li>8 de diciembre (D\u00eda de la Inmaculada Concepci\u00f3n de Mar\u00eda).<\/li>\n<li>25 de diciembre (Navidad).<\/li>\n<\/ul>\n<p>&nbsp;<\/p>\n<p><strong>Feriados trasladables<\/strong><\/p>\n<ul>\n<li>17 de agosto (Paso a la Inmortalidad del General Jos\u00e9 de San Mart\u00edn) se celebrar\u00e1 el lunes 21 de agosto.<\/li>\n<li>12 de octubre (D\u00eda del Respeto a la Diversidad Cultural) se celebrar\u00e1 el lunes 16 de octubre.<\/li>\n<\/ul>\n<p>&nbsp;<\/p>\n<p><strong>Feriados con fines tur\u00edsticos<\/strong><\/p>\n<ul>\n<li>Viernes 13 de octubre (fin de semana largo, de cuatro d\u00edas, por traslado del jueves 12 de octubre -D\u00eda del Respeto a la Diversidad Cultural- al lunes 16 de octubre.<\/li>\n<\/ul>\n","protected":false},"excerpt":{"rendered":"<p>La mayor\u00eda de las provincias comenzaron su receso escolar este lunes. Conoc\u00e9 cu\u00e1ndo vuelven los chicos a las aulas seg\u00fan el Consejo Federal de Educaci\u00f3n &nbsp; &nbsp; Las vacaciones de invierno ya comenzaron en todo el pa\u00eds y el ciclo lectivo se pone en pausa, con un merecido descanso de clases para los alumnos y alumnas que encarar\u00e1n la segunda parte del a\u00f1o. En la Ciudad de Buenos Aires el receso escolar empez\u00f3 este lunes 17 de julio, pero, \u00bfhasta qu\u00e9 d\u00eda se extiende? Seg\u00fan la Constituci\u00f3n Nacional, las provincias&#8230;<\/p>\n","protected":false},"author":3,"featured_media":102338,"comment_status":"closed","ping_status":"closed","sticky":false,"template":"","format":"standard","meta":[],"categories":[2],"tags":[],"_links":{"self":[{"href":"https:\/\/www.actualidadadiario.com\/index.php\/wp-json\/wp\/v2\/posts\/105022"}],"collection":[{"href":"https:\/\/www.actualidadadiario.com\/index.php\/wp-json\/wp\/v2\/posts"}],"about":[{"href":"https:\/\/www.actualidadadiario.com\/index.php\/wp-json\/wp\/v2\/types\/post"}],"author":[{"embeddable":true,"href":"https:\/\/www.actualidadadiario.com\/index.php\/wp-json\/wp\/v2\/users\/3"}],"replies":[{"embeddable":true,"href":"https:\/\/www.actualidadadiario.com\/index.php\/wp-json\/wp\/v2\/comments?post=105022"}],"version-history":[{"count":1,"href":"https:\/\/www.actualidadadiario.com\/index.php\/wp-json\/wp\/v2\/posts\/105022\/revisions"}],"predecessor-version":[{"id":105023,"href":"https:\/\/www.actualidadadiario.com\/index.php\/wp-json\/wp\/v2\/posts\/105022\/revisions\/105023"}],"wp:featuredmedia":[{"embeddable":true,"href":"https:\/\/www.actualidadadiario.com\/index.php\/wp-json\/wp\/v2\/media\/102338"}],"wp:attachment":[{"href":"https:\/\/www.actualidadadiario.com\/index.php\/wp-json\/wp\/v2\/media?parent=105022"}],"wp:term":[{"taxonomy":"category","embeddable":true,"href":"https:\/\/www.actualidadadiario.com\/index.php\/wp-json\/wp\/v2\/categories?post=105022"},{"taxonomy":"post_tag","embeddable":true,"href":"https:\/\/www.actualidadadiario.com\/index.php\/wp-json\/wp\/v2\/tags?post=105022"}],"curies":[{"name":"wp","href":"https:\/\/api.w.org\/{rel}","templated":true}]}}