{"id":105019,"date":"2023-07-19T13:12:50","date_gmt":"2023-07-19T16:12:50","guid":{"rendered":"https:\/\/www.actualidadadiario.com\/?p=105019"},"modified":"2023-07-19T13:12:50","modified_gmt":"2023-07-19T16:12:50","slug":"empezo-a-regir-en-todo-el-pais-la-veda-de-actos-publicos","status":"publish","type":"post","link":"https:\/\/www.actualidadadiario.com\/index.php\/2023\/07\/19\/empezo-a-regir-en-todo-el-pais-la-veda-de-actos-publicos\/","title":{"rendered":"Empez\u00f3 a regir en todo el pa\u00eds la veda de actos p\u00fablicos"},"content":{"rendered":"<p style=\"text-align: center;\"><em><strong>A partir de la primera hora del mi\u00e9rcoles 19 de julio comenz\u00f3 a regir en todo el pa\u00eds la veda de actos p\u00fablicos susceptibles de promover la captaci\u00f3n del sufragio. El plazo comienza a correr 25 d\u00edas antes de las primarias del 13 de agosto<\/strong><\/em><\/p>\n<p>&nbsp;<\/p>\n<p>&nbsp;<\/p>\n<p>Desde hoy, 19 de julio, las autoridades nacionales, provinciales y municipales tienen prohibida la realizaci\u00f3n de actos p\u00fablicos que puedan ser considerados como acciones destinadas a promover el voto hacia los oficialismos.<\/p>\n<p>La restricci\u00f3n, que se toma 25 d\u00edas antes de las primarias abiertas, simult\u00e1neas y obligatorias, no impide que los partidos de gobierno y quienes encarnan sus candidaturas realicen actividades proselitistas. Cancela la realizaci\u00f3n de inauguraciones y lanzamientos de obras y programas, por ejemplo.<\/p>\n<p>La veda est\u00e1 contenida en el art\u00edculo 64\u00ba quarter del C\u00f3digo Electoral Nacional (CEN), que indica: \u201cDurante la campa\u00f1a electoral la publicidad de los actos de gobierno no podr\u00e1 contener elementos que promuevan o desincentiven expresamente la captaci\u00f3n del sufragio a favor de ninguno de los candidatos a cargos p\u00fablicos electivos, ni de las agrupaciones pol\u00edticas por las que compiten\u201d.<\/p>\n<p>\u201cQueda prohibido -agrega &#8211; durante los veinticinco (25) d\u00edas anteriores a la fecha fijada para la celebraci\u00f3n de las elecciones primarias, abiertas y simult\u00e1neas, y la elecci\u00f3n general, la realizaci\u00f3n de actos inaugurales de obras p\u00fablicas, el lanzamiento o promoci\u00f3n de planes, proyectos o programas de alcance colectivo y, en general, la realizaci\u00f3n de todo acto de gobierno que pueda promover la captaci\u00f3n del sufragio a favor de cualquiera de los candidatos a cargos p\u00fablicos electivos nacionales, o de las agrupaciones por las que compiten\u201d.<\/p>\n<p>El CEN establece tambi\u00e9n en su art\u00edculo 133\u00ba bis que los funcionarios p\u00fablicos que autorizaren o consintieran la publicidad de actos de gobierno en violaci\u00f3n de la prohibici\u00f3n \u201cser\u00e1n pasibles de inhabilitaci\u00f3n de uno (1) a diez (10) a\u00f1os para el ejercicio de cargos p\u00fablicos\u201d.<\/p>\n","protected":false},"excerpt":{"rendered":"<p>A partir de la primera hora del mi\u00e9rcoles 19 de julio comenz\u00f3 a regir en todo el pa\u00eds la veda de actos p\u00fablicos susceptibles de promover la captaci\u00f3n del sufragio. El plazo comienza a correr 25 d\u00edas antes de las primarias del 13 de agosto &nbsp; &nbsp; Desde hoy, 19 de julio, las autoridades nacionales, provinciales y municipales tienen prohibida la realizaci\u00f3n de actos p\u00fablicos que puedan ser considerados como acciones destinadas a promover el voto hacia los oficialismos. La restricci\u00f3n, que se toma 25 d\u00edas antes de las primarias&#8230;<\/p>\n","protected":false},"author":3,"featured_media":105020,"comment_status":"closed","ping_status":"closed","sticky":false,"template":"","format":"standard","meta":[],"categories":[9],"tags":[],"_links":{"self":[{"href":"https:\/\/www.actualidadadiario.com\/index.php\/wp-json\/wp\/v2\/posts\/105019"}],"collection":[{"href":"https:\/\/www.actualidadadiario.com\/index.php\/wp-json\/wp\/v2\/posts"}],"about":[{"href":"https:\/\/www.actualidadadiario.com\/index.php\/wp-json\/wp\/v2\/types\/post"}],"author":[{"embeddable":true,"href":"https:\/\/www.actualidadadiario.com\/index.php\/wp-json\/wp\/v2\/users\/3"}],"replies":[{"embeddable":true,"href":"https:\/\/www.actualidadadiario.com\/index.php\/wp-json\/wp\/v2\/comments?post=105019"}],"version-history":[{"count":1,"href":"https:\/\/www.actualidadadiario.com\/index.php\/wp-json\/wp\/v2\/posts\/105019\/revisions"}],"predecessor-version":[{"id":105021,"href":"https:\/\/www.actualidadadiario.com\/index.php\/wp-json\/wp\/v2\/posts\/105019\/revisions\/105021"}],"wp:featuredmedia":[{"embeddable":true,"href":"https:\/\/www.actualidadadiario.com\/index.php\/wp-json\/wp\/v2\/media\/105020"}],"wp:attachment":[{"href":"https:\/\/www.actualidadadiario.com\/index.php\/wp-json\/wp\/v2\/media?parent=105019"}],"wp:term":[{"taxonomy":"category","embeddable":true,"href":"https:\/\/www.actualidadadiario.com\/index.php\/wp-json\/wp\/v2\/categories?post=105019"},{"taxonomy":"post_tag","embeddable":true,"href":"https:\/\/www.actualidadadiario.com\/index.php\/wp-json\/wp\/v2\/tags?post=105019"}],"curies":[{"name":"wp","href":"https:\/\/api.w.org\/{rel}","templated":true}]}}